{"id":48511,"date":"2019-07-25T15:18:03","date_gmt":"2019-07-25T19:18:03","guid":{"rendered":"https:\/\/linitiative.ca\/International\/affaire-gbagbo-et-ble-goude-la-cpi-invitee-a-revoir-sa-strategie-denquete\/"},"modified":"2019-07-25T15:18:03","modified_gmt":"2019-07-25T19:18:03","slug":"affaire-gbagbo-et-ble-goude-la-cpi-invitee-a-revoir-sa-strategie-denquete","status":"publish","type":"post","link":"https:\/\/linitiative.ca\/International\/affaire-gbagbo-et-ble-goude-la-cpi-invitee-a-revoir-sa-strategie-denquete\/","title":{"rendered":"Affaire Gbagbo et Bl\u00e9 Goud\u00e9: la CPI invit\u00e9e \u00e0 revoir sa strat\u00e9gie d\u2019enqu\u00eate"},"content":{"rendered":"<div readability=\"32\">\n<p>Publi\u00e9 le 25.07.2019 \u00e0 20h18 par APA News<\/p>\n<\/div>\n<div readability=\"133\">\n<p>Le pr\u00e9sident du Conseil d\u2019administration de la Coalition ivoirienne de la Cour p\u00e9nale internationale (CPI), Ali Ouattara, a appel\u00e9 jeudi \u00e0 Abidjan la CPI \u00e0 revoir sa strat\u00e9gie d\u2019enqu\u00eate dans l\u2019affaire Laurent Gbagbo et Charles Bl\u00e9 Goud\u00e9, actuellement en libert\u00e9 conditionnelle.Interrog\u00e9 en marge de la 2\u00e8 \u00e9dition de la causerie d\u00e9bat sur le \u00a0proc\u00e8s Laurent Gbagbo et Charles Bl\u00e9 Goud\u00e9 devant la CPI, organis\u00e9e par \u00a0l\u2019Observatoire ivoirien des droits de l\u2019Homme (OIDH), M. Ali Ouattara a \u00a0fait le plaidoyer pour des enqu\u00eates \u00ab\u00e9quilibr\u00e9es \u00bb. \u00a0<\/p>\n<p>\u00ab \u00a0On a l\u2019impression qu\u2019il y a un d\u00e9s\u00e9quilibre \u00e0 ce niveau et que c\u2019est \u00a0comme une justice des vainqueurs, on \u00e9met un mandat d\u2019arr\u00eat contre ceux \u00a0qui ne sont pas vainqueurs d\u2019une situation de crise \u00bb, a dit M. Ali \u00a0Ouattara, souhaitant que \u00ables enqu\u00eates soient men\u00e9es au niveau des deux \u00a0parties bellig\u00e9rantes \u00bb.<\/p>\n<p>\u00a0\u00ab Il faut qu\u2019on fasse \u00a0en sorte que toutes les parties impliqu\u00e9es qui ont commis des crimes \u00a0puissent r\u00e9pondre devant la Cour \u00bb, a insist\u00e9 M. Ouattara, Pr\u00e9sident du conseil d\u2019administration (PCA) de la \u00a0Coalition ivoirienne pour la CPI, organisation membre de la Coalition \u00a0mondiale, bas\u00e9e \u00e0 New-York et d\u00e9clar\u00e9e \u00e0 La Haye.<\/p>\n<p>Plusieurs \u00a0acteurs de d\u00e9fense des droits de l\u2019Homme, venus de divers horizons du \u00a0monde, ont pris part \u00e0 ce d\u00e9bat. L\u2019avocat am\u00e9ricain, James Goldston, a \u00a0fait observer que malgr\u00e9 \u00ab les r\u00e9sultats tr\u00e8s d\u00e9courageants \u00bb de la CPI, \u00a0il faut rendre la juridiction plus efficace et non la d\u00e9molir.\u00a0<\/p>\n<p>Pour \u00a0sa part, Me \u00a0Jean K\u00e9\u00efta, avocat et chef du Bureau du Conseil public \u00a0pour la d\u00e9fense aupr\u00e8s de la CPI, a soutenu qu\u2019il \u00ab faut repenser le \u00a0Statut de Rome \u00bb pour rendre la CPI performante. Il a soulign\u00e9 que la \u00a0saisine est faite par le Conseil de s\u00e9curit\u00e9 de l\u2019ONU, les pays \u00a0signataires et le procureur de la CPI.\u00a0<\/p>\n<p>Cheikh \u00a0Tour\u00e9, charg\u00e9 de communication du bureau de la CPI \u00e0 Abidjan, a fait \u00a0savoir qu\u2019il existe selon le Statut de Rome un Fonds au profit des \u00a0victimes, lequel fonds \u00e0 un double mandat, celui de la r\u00e9paration en cas \u00a0de d\u00e9cision de culpabilit\u00e9 d\u2019une partie, puis ensuite l\u2019assistance.\u00a0<\/p>\n<p>\u00ab \u00a0Le fonds vient de commencer ses activit\u00e9s, elle va travailler avec \u00a0toutes les victimes en C\u00f4te d\u2019Ivoire sans distinction \u00bb, a poursuivi M. \u00a0Tour\u00e9, ajoutant qu\u2019il d\u00e9terminera les victimes \u00e0 travers les ONG et \u00a0associations de victimes, mais aujourd\u2019hui on ne peut parler de mandat \u00a0de r\u00e9paration parce que le proc\u00e8s est en cours. \u00a0<\/p>\n<p>Ce \u00a0d\u00e9bat intervient dans un contexte de mise en libert\u00e9 sous condition de \u00a0M. Gbagbo et son co-accus\u00e9 Charles Bl\u00e9 Goud\u00e9. Acquitt\u00e9s le 15 janvier \u00a02019 par la Chambre pr\u00e9liminaire 1 de la CPI, ces deux personnalit\u00e9s \u00a0politiques ont \u00e9t\u00e9 mises en libert\u00e9 conditionnelle le 1er f\u00e9vrier 2019. \u00a0<\/p>\n<p>Depuis \u00a0le 16 juillet 2019, la Chambre de premi\u00e8re instance I a mis \u00e0 \u00a0disposition des diff\u00e9rentes partie la version \u00e9crite de la d\u00e9cision \u00a0d\u2019acquittement. A la m\u00eame date, l\u2019accusation a introduit une requ\u00eate \u00a0visant \u00e0 d\u00e9marrer la prorogation du d\u00e9lai de l\u2019avis d\u2019appel et du d\u00e9p\u00f4t \u00a0du m\u00e9moire d\u2019appel.<\/p>\n<p>Vu le volume de l\u2019expos\u00e9 \u00a0des motifs estim\u00e9 \u00e0 quelque 2.000 pages, l\u2019accusation a requis qu\u2019il lui \u00a0soit accord\u00e9e \u00ab la possibilit\u00e9 de d\u00e9poser l\u2019acte d\u2019appel le 10 octobre \u00a02019 et le m\u00e9moire d\u2019appel le 9 d\u00e9cembre 2019 \u00bb. Cependant, la Chambre \u00a0d\u2019appel a rejet\u00e9 la demande. \u00a0<\/p>\n<p>La Chambre \u00a0d\u2019appel estime que les arguments soulev\u00e9s ne constituent pas des raisons \u00a0valables en vertu de l\u2019article 35 du r\u00e8glement de la CPI. En revanche, \u00a0elle a accord\u00e9 \u00ab un d\u00e9lai suppl\u00e9mentaire de 30 jours \u00bb \u00e0 l\u2019accusation \u00a0pour le d\u00e9p\u00f4t de l\u2019acte d\u2019appel. \u00a0<\/p>\n<p>Me Claver \u00a0N\u2019Dri, avocat de la d\u00e9fense, pr\u00e9sent \u00e0 ce d\u00e9bat, a souhait\u00e9 que la CPI \u00a0soit un \u00ab instrument de v\u00e9rit\u00e9 m\u00eame s\u2019il y a beaucoup de critiques \u00e0 \u00a0faire \u00bb. Pour lui, \u00ab c\u2019est un instrument utile \u00bb et il faut se battre \u00a0pour rendre la juridiction performante m\u00eame \u00ab si le politique veut \u00a0rentrer par la fen\u00eatre \u00bb.\u00a0<\/p>\n<p>Cette deuxi\u00e8me \u00e9dition \u00a0de la causerie d\u00e9bat sur le proc\u00e8s Laurent Gbagbo et Charles Bl\u00e9 Goud\u00e9 \u00a0devant la CPI s\u2019est d\u00e9roul\u00e9e autour du th\u00e8me \u00ab Proc\u00e8s Laurent Gbagbo et \u00a0Charles Bl\u00e9 Goud\u00e9 : bilan \u00e0 mi-parcours et implications d\u2019une action de \u00a0lutte contre l\u2019impunit\u00e9 \u00bb. \u00a0<\/p>\n<\/div>\n<p>Auteur: APA News<br \/>\n<a href=\"https:\/\/www.journalducameroun.com\/affaire-gbagbo-et-ble-goude-la-cpi-invitee-a-revoir-sa-strategie-denquete\/\">Cliquez ici pour lire l&rsquo;article depuis sa source.<\/a><\/p>\n","protected":false},"excerpt":{"rendered":"<p>Publi\u00e9 le 25.07.2019 \u00e0 20h18 par APA News Le pr\u00e9sident du Conseil d\u2019administration de la Coalition ivoirienne de la Cour p\u00e9nale internationale (CPI), Ali Ouattara, a appel\u00e9 jeudi \u00e0 Abidjan la CPI \u00e0 revoir sa strat\u00e9gie d\u2019enqu\u00eate dans l\u2019affaire Laurent Gbagbo et Charles Bl\u00e9 Goud\u00e9, actuellement en libert\u00e9 conditionnelle.Interrog\u00e9 en marge de la 2\u00e8 \u00e9dition [&hellip;]<\/p>\n","protected":false},"author":1965,"featured_media":0,"comment_status":"closed","ping_status":"closed","sticky":false,"template":"","format":"standard","meta":{"fifu_image_url":"","fifu_image_alt":"","footnotes":""},"categories":[73,82],"tags":[],"class_list":["post-48511","post","type-post","status-publish","format-standard","hentry","category-actualite","category-cameroun"],"_links":{"self":[{"href":"https:\/\/linitiative.ca\/International\/wp-json\/wp\/v2\/posts\/48511","targetHints":{"allow":["GET"]}}],"collection":[{"href":"https:\/\/linitiative.ca\/International\/wp-json\/wp\/v2\/posts"}],"about":[{"href":"https:\/\/linitiative.ca\/International\/wp-json\/wp\/v2\/types\/post"}],"author":[{"embeddable":true,"href":"https:\/\/linitiative.ca\/International\/wp-json\/wp\/v2\/users\/1965"}],"replies":[{"embeddable":true,"href":"https:\/\/linitiative.ca\/International\/wp-json\/wp\/v2\/comments?post=48511"}],"version-history":[{"count":0,"href":"https:\/\/linitiative.ca\/International\/wp-json\/wp\/v2\/posts\/48511\/revisions"}],"wp:attachment":[{"href":"https:\/\/linitiative.ca\/International\/wp-json\/wp\/v2\/media?parent=48511"}],"wp:term":[{"taxonomy":"category","embeddable":true,"href":"https:\/\/linitiative.ca\/International\/wp-json\/wp\/v2\/categories?post=48511"},{"taxonomy":"post_tag","embeddable":true,"href":"https:\/\/linitiative.ca\/International\/wp-json\/wp\/v2\/tags?post=48511"}],"curies":[{"name":"wp","href":"https:\/\/api.w.org\/{rel}","templated":true}]}}