{"id":48512,"date":"2019-07-25T15:50:02","date_gmt":"2019-07-25T19:50:02","guid":{"rendered":"https:\/\/linitiative.ca\/International\/lautorite-palestinienne-va-cesser-de-respecter-les-accords-avec-israel-annonce-abbas\/"},"modified":"2019-07-25T15:50:02","modified_gmt":"2019-07-25T19:50:02","slug":"lautorite-palestinienne-va-cesser-de-respecter-les-accords-avec-israel-annonce-abbas","status":"publish","type":"post","link":"https:\/\/linitiative.ca\/International\/lautorite-palestinienne-va-cesser-de-respecter-les-accords-avec-israel-annonce-abbas\/","title":{"rendered":"L\u2019Autorit\u00e9 palestinienne va cesser de respecter les accords avec Isra\u00ebl, annonce Abbas"},"content":{"rendered":"<div readability=\"32\">\n<p>Publi\u00e9 le 25.07.2019 \u00e0 20h50 par AFP<\/p>\n<\/div>\n<div readability=\"80\">\n<p>Le pr\u00e9sident palestinien Mahmoud Abbas a annonc\u00e9 jeudi que l\u2019Autorit\u00e9 palestinienne va cesser de respecter les accords avec Isra\u00ebl, sur fond de tensions accrues.<\/p>\n<p>\u00ab\u00a0Nous annon\u00e7ons la d\u00e9cision de la direction (palestinienne) de ne plus appliquer les accords sign\u00e9s avec Isra\u00ebl\u00a0\u00bb, a-t-il d\u00e9clar\u00e9 lors d\u2019un discours \u00e0 Ramallah.<\/p>\n<p>Il a ajout\u00e9 que la direction palestinienne allait mettre en place imm\u00e9diatement un comit\u00e9 charg\u00e9 d\u2019\u00e9tudier comment mettre en \u0153uvre cette d\u00e9cision.<\/p>\n<p>Isra\u00ebl et les Palestiniens sont li\u00e9s par des accord bilat\u00e9raux dans des domaines allant de la gestion de l\u2019eau \u00e0 la s\u00e9curit\u00e9.<\/p>\n<p>Si les Palestiniens cessent de les appliquer, cela pourrait avoir des cons\u00e9quences notamment sur la s\u00e9curit\u00e9 en Cisjordanie, un territoire palestinien occup\u00e9 par Isra\u00ebl depuis 1967.<\/p>\n<p>Mahmoud Abbas, 84 ans, a d\u00e9j\u00e0 prof\u00e9r\u00e9 des menaces similaires ainsi que celle de ne plus reconna\u00eetre Isra\u00ebl dans le pass\u00e9, mais elles n\u2019avaient pas \u00e9t\u00e9 appliqu\u00e9es.<\/p>\n<p>Les relations entre le gouvernement de M. Abbas, bas\u00e9 en Cisjordanie occup\u00e9e, et les autorit\u00e9s isra\u00e9liennes se sont d\u00e9grad\u00e9es au cours des derniers mois.<\/p>\n<p>Cette semaine, Mahmoud Abbas a condamn\u00e9 les d\u00e9molitions de logements de Palestiniens par Isra\u00ebl au sud de J\u00e9rusalem de \u00ab\u00a0dangereuse escalade contre le peuple palestinien sans d\u00e9fense\u00a0\u00bb.<\/p>\n<p>En f\u00e9vrier, Isra\u00ebl avait annonc\u00e9 le blocage de 500 millions de shekels (122 millions d\u2019euros) sur le montant total revers\u00e9 \u00e0 l\u2019Autorit\u00e9 palestinienne au titre de la TVA et des droits de douane pr\u00e9lev\u00e9s par l\u2019Etat h\u00e9breu sur les produits import\u00e9s par les Palestiniens.<\/p>\n<p>Cette sanction avait \u00e9t\u00e9 impos\u00e9e en r\u00e9ponse au versement par l\u2019Autorit\u00e9 palestinienne d\u2019allocations aux familles de Palestiniens emprisonn\u00e9s ou tu\u00e9s pour avoir commis des attaques anti-isra\u00e9liennes.<\/p>\n<p>Le pr\u00e9sident palestinien Mahmoud Abbas avait alors refus\u00e9 de toucher une quelconque somme due aux titre de ces droits de douane de la part d\u2019Isra\u00ebl tant que ces fonds \u00e9taient incomplets, laissant l\u2019Autorit\u00e9 palestinienne face \u00e0 une grave crise financi\u00e8re.<\/p>\n<p>Ces taxes repr\u00e9sentent 65% des recettes de l\u2019Autorit\u00e9 cens\u00e9e pr\u00e9figurer un Etat palestinien.<\/p>\n<\/div>\n<p>Auteur: AFP<br \/>\n<a href=\"https:\/\/www.journalducameroun.com\/lautorite-palestinienne-va-cesser-de-respecter-les-accords-avec-israel-annonce-abbas\/\">Cliquez ici pour lire l&rsquo;article depuis sa source.<\/a><\/p>\n","protected":false},"excerpt":{"rendered":"<p>Publi\u00e9 le 25.07.2019 \u00e0 20h50 par AFP Le pr\u00e9sident palestinien Mahmoud Abbas a annonc\u00e9 jeudi que l\u2019Autorit\u00e9 palestinienne va cesser de respecter les accords avec Isra\u00ebl, sur fond de tensions accrues. \u00ab\u00a0Nous annon\u00e7ons la d\u00e9cision de la direction (palestinienne) de ne plus appliquer les accords sign\u00e9s avec Isra\u00ebl\u00a0\u00bb, a-t-il d\u00e9clar\u00e9 lors d\u2019un discours \u00e0 Ramallah. [&hellip;]<\/p>\n","protected":false},"author":1965,"featured_media":0,"comment_status":"closed","ping_status":"closed","sticky":false,"template":"","format":"standard","meta":{"fifu_image_url":"","fifu_image_alt":"","footnotes":""},"categories":[73,82],"tags":[],"class_list":["post-48512","post","type-post","status-publish","format-standard","hentry","category-actualite","category-cameroun"],"_links":{"self":[{"href":"https:\/\/linitiative.ca\/International\/wp-json\/wp\/v2\/posts\/48512","targetHints":{"allow":["GET"]}}],"collection":[{"href":"https:\/\/linitiative.ca\/International\/wp-json\/wp\/v2\/posts"}],"about":[{"href":"https:\/\/linitiative.ca\/International\/wp-json\/wp\/v2\/types\/post"}],"author":[{"embeddable":true,"href":"https:\/\/linitiative.ca\/International\/wp-json\/wp\/v2\/users\/1965"}],"replies":[{"embeddable":true,"href":"https:\/\/linitiative.ca\/International\/wp-json\/wp\/v2\/comments?post=48512"}],"version-history":[{"count":0,"href":"https:\/\/linitiative.ca\/International\/wp-json\/wp\/v2\/posts\/48512\/revisions"}],"wp:attachment":[{"href":"https:\/\/linitiative.ca\/International\/wp-json\/wp\/v2\/media?parent=48512"}],"wp:term":[{"taxonomy":"category","embeddable":true,"href":"https:\/\/linitiative.ca\/International\/wp-json\/wp\/v2\/categories?post=48512"},{"taxonomy":"post_tag","embeddable":true,"href":"https:\/\/linitiative.ca\/International\/wp-json\/wp\/v2\/tags?post=48512"}],"curies":[{"name":"wp","href":"https:\/\/api.w.org\/{rel}","templated":true}]}}