{"id":48513,"date":"2019-07-25T15:50:05","date_gmt":"2019-07-25T19:50:05","guid":{"rendered":"https:\/\/linitiative.ca\/International\/soudan-le-chef-du-principal-syndicat-de-journalistes-detenu\/"},"modified":"2019-07-25T15:50:05","modified_gmt":"2019-07-25T19:50:05","slug":"soudan-le-chef-du-principal-syndicat-de-journalistes-detenu","status":"publish","type":"post","link":"https:\/\/linitiative.ca\/International\/soudan-le-chef-du-principal-syndicat-de-journalistes-detenu\/","title":{"rendered":"Soudan: le chef du principal syndicat de journalistes d\u00e9tenu"},"content":{"rendered":"<div readability=\"32\">\n<p>Publi\u00e9 le 25.07.2019 \u00e0 20h50 par AFP<\/p>\n<\/div>\n<div readability=\"90\">\n<p>Le chef du principal syndicat de journalistes soudanais est en d\u00e9tention, a annonc\u00e9 jeudi ce syndicat en appelant les g\u00e9n\u00e9raux au pouvoir \u00e0 le lib\u00e9rer \u00ab\u00a0imm\u00e9diatement\u00a0\u00bb ou \u00e0 le juger.<\/p>\n<p>Outre ses fonctions au sein de l\u2019organisation des journalistes, Sadeq al-Rizaigi qui est connu pour ses positions islamistes, est r\u00e9dacteur en chef du journal Al-Sayha.<\/p>\n<p>Son arrestation a eu lieu mercredi, le jour o\u00f9 le Conseil militaire au pouvoir a annonc\u00e9 avoir arr\u00eat\u00e9 un g\u00e9n\u00e9ral, plusieurs membres du puissant Service national de renseignement et de s\u00e9curit\u00e9 (NISS) ainsi que des dirigeants politiques pour avoir foment\u00e9 selon lui un \u00ab\u00a0coup d\u2019Etat\u00a0\u00bb d\u00e9jou\u00e9 le 11 juillet.<\/p>\n<p>Selon un journaliste d\u2019Al-Sayha interrog\u00e9 par l\u2019AFP, M. Rizaigi a \u00e9t\u00e9 arr\u00eat\u00e9 \u00e0 l\u2019ext\u00e9rieur du si\u00e8ge de la publication. \u00ab\u00a0Nous ne savons pas o\u00f9 il est d\u00e9tenu, ni les raisons de sa d\u00e9tention\u00a0\u00bb, a indiqu\u00e9 ce responsable \u00e9ditorial, Awad Jad al-Sayed.<\/p>\n<p>Le Syndicat des journalistes soudanais a appel\u00e9 les militaires \u00e0 lib\u00e9rer imm\u00e9diatement M. Rizaigi ou \u00e0 le juger si des accusations p\u00e8sent contre lui.<\/p>\n<p>Parmi les personnes arr\u00eat\u00e9es dans le cadre de l\u2019enqu\u00eate sur la tentative de \u00ab\u00a0coup d\u2019Etat\u00a0\u00bb, figurent Hachem Abdel Mottalib, chef d\u2019\u00e9tat-major des arm\u00e9es, plusieurs agents du NISS, des dirigeants de mouvements islamistes et du Parti du Congr\u00e8s national de l\u2019ex-pr\u00e9sident Omar el-B\u00e9chir.<\/p>\n<p>Selon les m\u00e9dias soudanais, un ancien vice-pr\u00e9sident, le g\u00e9n\u00e9ral Bakri Hassan Saleh, qui \u00e9tait l\u2019une des figures cl\u00e9s du coup d\u2019Etat ayant port\u00e9 au pouvoir M. B\u00e9chir en 1989, a \u00e9galement \u00e9t\u00e9 arr\u00eat\u00e9 ainsi que les anciens ministres des Affaires \u00e9trang\u00e8res Ali Karty et des Finances Zubair Ahmed Hassan.<\/p>\n<p>Durant les 30 ans de pr\u00e9sidence d\u2019Omar el-B\u00e9chir destitu\u00e9 et arr\u00eat\u00e9 en avril par l\u2019arm\u00e9e sous la pression de la rue, la presse \u00e9tait tr\u00e8s s\u00e9v\u00e8rement encadr\u00e9e.<\/p>\n<p>Les agents des services de renseignement arr\u00eataient r\u00e9guli\u00e8rement des journalistes ou confisquaient des \u00e9ditions enti\u00e8res de journaux accus\u00e9s d\u2019avoir publi\u00e9 des articles critiques contre M. B\u00e9chir.<\/p>\n<p>Selon Reporters sans fronti\u00e8res (RSF), au moins 100 journalistes ont \u00e9t\u00e9 arr\u00eat\u00e9s durant les mois de protestation d\u00e9clench\u00e9e en d\u00e9cembre contre l\u2019ex-pr\u00e9sident.<\/p>\n<p>Le Soudan est 175e sur 180 pays dans le classement mondial de l\u2019organisation sur la libert\u00e9 de la presse.<\/p>\n<\/div>\n<p>Auteur: AFP<br \/>\n<a href=\"https:\/\/www.journalducameroun.com\/soudan-le-chef-du-principal-syndicat-de-journalistes-detenu\/\">Cliquez ici pour lire l&rsquo;article depuis sa source.<\/a><\/p>\n","protected":false},"excerpt":{"rendered":"<p>Publi\u00e9 le 25.07.2019 \u00e0 20h50 par AFP Le chef du principal syndicat de journalistes soudanais est en d\u00e9tention, a annonc\u00e9 jeudi ce syndicat en appelant les g\u00e9n\u00e9raux au pouvoir \u00e0 le lib\u00e9rer \u00ab\u00a0imm\u00e9diatement\u00a0\u00bb ou \u00e0 le juger. Outre ses fonctions au sein de l\u2019organisation des journalistes, Sadeq al-Rizaigi qui est connu pour ses positions islamistes, [&hellip;]<\/p>\n","protected":false},"author":1965,"featured_media":0,"comment_status":"closed","ping_status":"closed","sticky":false,"template":"","format":"standard","meta":{"fifu_image_url":"","fifu_image_alt":"","footnotes":""},"categories":[73,82],"tags":[],"class_list":["post-48513","post","type-post","status-publish","format-standard","hentry","category-actualite","category-cameroun"],"_links":{"self":[{"href":"https:\/\/linitiative.ca\/International\/wp-json\/wp\/v2\/posts\/48513","targetHints":{"allow":["GET"]}}],"collection":[{"href":"https:\/\/linitiative.ca\/International\/wp-json\/wp\/v2\/posts"}],"about":[{"href":"https:\/\/linitiative.ca\/International\/wp-json\/wp\/v2\/types\/post"}],"author":[{"embeddable":true,"href":"https:\/\/linitiative.ca\/International\/wp-json\/wp\/v2\/users\/1965"}],"replies":[{"embeddable":true,"href":"https:\/\/linitiative.ca\/International\/wp-json\/wp\/v2\/comments?post=48513"}],"version-history":[{"count":0,"href":"https:\/\/linitiative.ca\/International\/wp-json\/wp\/v2\/posts\/48513\/revisions"}],"wp:attachment":[{"href":"https:\/\/linitiative.ca\/International\/wp-json\/wp\/v2\/media?parent=48513"}],"wp:term":[{"taxonomy":"category","embeddable":true,"href":"https:\/\/linitiative.ca\/International\/wp-json\/wp\/v2\/categories?post=48513"},{"taxonomy":"post_tag","embeddable":true,"href":"https:\/\/linitiative.ca\/International\/wp-json\/wp\/v2\/tags?post=48513"}],"curies":[{"name":"wp","href":"https:\/\/api.w.org\/{rel}","templated":true}]}}