{"id":48514,"date":"2019-07-25T15:50:07","date_gmt":"2019-07-25T19:50:07","guid":{"rendered":"https:\/\/linitiative.ca\/International\/soudan-fin-de-la-querelle-entre-leaders-de-la-contestation-et-rebelles\/"},"modified":"2019-07-25T15:50:07","modified_gmt":"2019-07-25T19:50:07","slug":"soudan-fin-de-la-querelle-entre-leaders-de-la-contestation-et-rebelles","status":"publish","type":"post","link":"https:\/\/linitiative.ca\/International\/soudan-fin-de-la-querelle-entre-leaders-de-la-contestation-et-rebelles\/","title":{"rendered":"Soudan: fin de la querelle entre leaders de la contestation et rebelles"},"content":{"rendered":"<div readability=\"32\">\n<p>Publi\u00e9 le 25.07.2019 \u00e0 20h50 par AFP<\/p>\n<\/div>\n<div readability=\"117\">\n<p>Les chefs de la contestation et leurs partenaires rebelles au Soudan ont mis fin \u00e0 leur dispute au sujet de l\u2019accord conclu avec les militaires sur le partage du pouvoir, promettant de travailler ensemble pour la paix, selon des responsables jeudi.<\/p>\n<p>Le 17 juillet, les g\u00e9n\u00e9raux, qui ont pris le pouvoir apr\u00e8s la destitution du pr\u00e9sident Omar el-B\u00e9chir en avril, et les chefs de la contestation ont sign\u00e9 un accord en vue d\u2019\u00e9tablir une autorit\u00e9 civile de transition, principale demande des manifestants.<\/p>\n<p>Mais la finalisation de l\u2019accord a \u00e9t\u00e9 report\u00e9e apr\u00e8s son rejet par trois groupes rebelles faisant partie de la contestation, pour qui des questions cl\u00e9 comme la n\u00e9cessit\u00e9 de r\u00e9tablir la paix dans les zones de conflit -Darfour (ouest), Nil Bleu et Kordofan-Sud (sud)- n\u2019avaient pas \u00e9t\u00e9 trait\u00e9es.<\/p>\n<p>Des dirigeants de la contestation se sont ensuite rendus \u00e0 Addis Abeba en Ethiopie, pour n\u00e9gocier avec les rebelles et ont annonc\u00e9 un accord jeudi.<\/p>\n<p>\u00ab\u00a0Cet accord a pour objectif d\u2019\u00e9tablir la paix avec tous les groupes arm\u00e9s\u00a0\u00bb, et \u00ab\u00a0d\u2019acc\u00e9l\u00e9rer la formation d\u2019un gouvernement civil de transition\u00a0\u00bb, a indiqu\u00e9 l\u2019Association des professionnels soudanais (SPA), fer de lance de la contestation.<\/p>\n<p>Intitul\u00e9 \u00ab\u00a0D\u00e9claration d\u2019Addis Abeba\u00a0\u00bb, l\u2019accord ouvre \u00ab\u00a0la voie \u00e0 l\u2019instauration d\u2019urgence d\u2019une paix\u00a0\u00bb dans l\u2019ensemble du pays, a-t-elle indiqu\u00e9 dans un communiqu\u00e9 sur Facebook.<\/p>\n<p>Les rebelles ont confirm\u00e9 \u00eatre parvenu \u00e0 un r\u00e8glement. \u00ab\u00a0Je pense que nous serons unis, plus forts, avec cet accord\u00a0\u00bb, a d\u00e9clar\u00e9 \u00e0 l\u2019AFP un repr\u00e9sentant des rebelles Nuraddayim Taha.<\/p>\n<p>\u00ab\u00a0Pour nous, c\u2019est la premi\u00e8re fois dans l\u2019histoire du Soudan qu\u2019un accord aborde les causes profondes des conflits\u00a0\u00bb dans le pays, a-t-il ajout\u00e9.<\/p>\n<p>Jeudi, une foule de manifestants s\u2019est rassembl\u00e9e \u00e0 Khartoum en soutien \u00e0 l\u2019accord d\u2019Addis Abeba, selon un correspondant de l\u2019AFP sur place.<\/p>\n<p>\u00ab\u00a0Parvenir \u00e0 la paix est une chose tr\u00e8s importante\u00a0\u00bb, a dit Omar al-Dayer, un manifestant. \u00ab\u00a0Tout le Soudan doit \u00eatre uni apr\u00e8s la p\u00e9riode de transition et tous les d\u00e9plac\u00e9s doivent rentrer chez eux\u00a0\u00bb<\/p>\n<p>Les groupes rebelles ont affront\u00e9 durant des ann\u00e9es les forces de l\u2019ex-pr\u00e9sident soudanais au Darfour, dans le Nil Bleu et dans le Kordofan-Sud.<\/p>\n<p>Des dizaines de milliers de personnes ont \u00e9t\u00e9 tu\u00e9es dans ces trois conflits, des millions d\u00e9plac\u00e9es et des centaines de milliers vivent toujours dans des camps.<\/p>\n<p>Les dirigeants militaires et les leaders de la contestation doivent encore finaliser la \u00ab\u00a0d\u00e9claration constitutionnelle\u00a0\u00bb, les rebelles exigeant que l\u2019accord sp\u00e9cifie que les n\u00e9gociations de paix sont la priorit\u00e9 pour le nouveau gouvernement.<\/p>\n<p>D\u00e8s qu\u2019un accord de paix sera finalis\u00e9 pour ces zones de conflit, les groupes rebelles souhaitent avoir des repr\u00e9sentants au sein du futur gouvernement de transition.<\/p>\n<p>Ils r\u00e9clament aussi l\u2019extradition par le Soudan des personnes accus\u00e9es de crimes par la Cour p\u00e9nale internationale (CPI), notamment Omar el-B\u00e9chir.<\/p>\n<p>Les g\u00e9n\u00e9raux au pouvoir refusent d\u2019extrader Omar el-B\u00e9chir, inculp\u00e9 au Soudan de corruption et du meurtre de manifestants, mais aussi recherch\u00e9 par la justice internationale pour des accusations de crimes contre l\u2019humanit\u00e9 et g\u00e9nocide durant le conflit au Darfour entre 2003 et 2008.<\/p>\n<\/div>\n<p>Auteur: AFP<br \/>\n<a href=\"https:\/\/www.journalducameroun.com\/soudan-fin-de-la-querelle-entre-leaders-de-la-contestation-et-rebelles\/\">Cliquez ici pour lire l&rsquo;article depuis sa source.<\/a><\/p>\n","protected":false},"excerpt":{"rendered":"<p>Publi\u00e9 le 25.07.2019 \u00e0 20h50 par AFP Les chefs de la contestation et leurs partenaires rebelles au Soudan ont mis fin \u00e0 leur dispute au sujet de l\u2019accord conclu avec les militaires sur le partage du pouvoir, promettant de travailler ensemble pour la paix, selon des responsables jeudi. Le 17 juillet, les g\u00e9n\u00e9raux, qui ont [&hellip;]<\/p>\n","protected":false},"author":1965,"featured_media":0,"comment_status":"closed","ping_status":"closed","sticky":false,"template":"","format":"standard","meta":{"fifu_image_url":"","fifu_image_alt":"","footnotes":""},"categories":[73,82],"tags":[],"class_list":["post-48514","post","type-post","status-publish","format-standard","hentry","category-actualite","category-cameroun"],"_links":{"self":[{"href":"https:\/\/linitiative.ca\/International\/wp-json\/wp\/v2\/posts\/48514","targetHints":{"allow":["GET"]}}],"collection":[{"href":"https:\/\/linitiative.ca\/International\/wp-json\/wp\/v2\/posts"}],"about":[{"href":"https:\/\/linitiative.ca\/International\/wp-json\/wp\/v2\/types\/post"}],"author":[{"embeddable":true,"href":"https:\/\/linitiative.ca\/International\/wp-json\/wp\/v2\/users\/1965"}],"replies":[{"embeddable":true,"href":"https:\/\/linitiative.ca\/International\/wp-json\/wp\/v2\/comments?post=48514"}],"version-history":[{"count":0,"href":"https:\/\/linitiative.ca\/International\/wp-json\/wp\/v2\/posts\/48514\/revisions"}],"wp:attachment":[{"href":"https:\/\/linitiative.ca\/International\/wp-json\/wp\/v2\/media?parent=48514"}],"wp:term":[{"taxonomy":"category","embeddable":true,"href":"https:\/\/linitiative.ca\/International\/wp-json\/wp\/v2\/categories?post=48514"},{"taxonomy":"post_tag","embeddable":true,"href":"https:\/\/linitiative.ca\/International\/wp-json\/wp\/v2\/tags?post=48514"}],"curies":[{"name":"wp","href":"https:\/\/api.w.org\/{rel}","templated":true}]}}