{"id":48516,"date":"2019-07-25T16:18:05","date_gmt":"2019-07-25T20:18:05","guid":{"rendered":"https:\/\/linitiative.ca\/International\/la-8e-conference-du-traite-damitie-et-de-cooperation-ivoiro-burkinabe-souvre-samedi\/"},"modified":"2019-07-25T16:18:05","modified_gmt":"2019-07-25T20:18:05","slug":"la-8e-conference-du-traite-damitie-et-de-cooperation-ivoiro-burkinabe-souvre-samedi","status":"publish","type":"post","link":"https:\/\/linitiative.ca\/International\/la-8e-conference-du-traite-damitie-et-de-cooperation-ivoiro-burkinabe-souvre-samedi\/","title":{"rendered":"La 8e Conf\u00e9rence du Trait\u00e9 d\u2019amiti\u00e9 et de coop\u00e9ration ivoiro-burkinab\u00e9 s\u2019ouvre samedi"},"content":{"rendered":"<div readability=\"32\">\n<p>Publi\u00e9 le 25.07.2019 \u00e0 21h18 par APA News<\/p>\n<\/div>\n<div readability=\"69\">\n<p>La 8e Conf\u00e9rence au sommet du Trait\u00e9 d\u2019amiti\u00e9 et de coop\u00e9ration (TAC) entre la R\u00e9publique de C\u00f4te d\u2019Ivoire et le Burkina Faso se tient du 27 au 31 juillet 2019 \u00e0 Ouagadougou, sous la co-pr\u00e9sidence des pr\u00e9sidents Roch Marc Christian Kabor\u00e9 et Alassane Ouattara, annonce un communiqu\u00e9 de la pr\u00e9sidence du Faso.Selon le texte parvenu jeudi \u00e0 APA, cette rencontre de Ouagadougou permettra aux autorit\u00e9s des deux pays de passer en revue les projets int\u00e9grateurs et de d\u00e9veloppement qui fondent les grands axes du Trait\u00e9 d\u2019amiti\u00e9 et de coop\u00e9ration entre les deux peuples.<\/p>\n<p>\u00abLes pr\u00e9sidents Kabor\u00e9 et Ouattara, et leur gouvernements respectif, vont se pencher sur l\u2019\u00e9tat de la mise en \u0153uvre des d\u00e9cisions et recommandations prises lors de la 7e \u00e9dition du TAC \u00e0 Yamoussoukro, et adopter de nouveaux projets en vue de renforcer la coop\u00e9ration ivoiro-burkinab\u00e8\u00bb, note le communiqu\u00e9.<\/p>\n<p>Il pr\u00e9cise que la Conf\u00e9rence au sommet des chefs d\u2019Etat pr\u00e9vue pour le 31 juillet, sera pr\u00e9c\u00e9d\u00e9e de la r\u00e9union des experts du 27 au 29 juillet, et du Conseil conjoint de gouvernement le 30 juillet.<\/p>\n<p>\u00abOutre l\u2019aspect politique, cette 8e \u00e9dition du TAC va permettre aux hommes et femmes d\u2019affaires des deux pays de nouer des relations aux fins de dynamiser leurs activit\u00e9s au b\u00e9n\u00e9fice des deux pays, lors d\u2019un forum d\u2019affaires\u00bb, souligne-t-on.<\/p>\n<p>Le Trait\u00e9 d\u2019amiti\u00e9 et de coop\u00e9ration (TAC) entre le Burkina Faso et la C\u00f4te d\u2019Ivoire est n\u00e9 en 2008 de la volont\u00e9 commune des deux Etats de renforcer la coop\u00e9ration et l\u2019amiti\u00e9 entre les peuples burkinab\u00e8 et ivoirien. Il est devenu un exemple d\u2019int\u00e9gration et un outil de d\u00e9veloppement dans la sous-r\u00e9gion.<\/p>\n<p>Les conf\u00e9rences au sommet se tiennent chaque ann\u00e9e, mais de fa\u00e7on alternative dans les deux capitales.<\/p>\n<\/div>\n<p>Auteur: APA News<br \/>\n<a href=\"https:\/\/www.journalducameroun.com\/la-8e-conference-du-traite-damitie-et-de-cooperation-ivoiro-burkinabe-souvre-samedi\/\">Cliquez ici pour lire l&rsquo;article depuis sa source.<\/a><\/p>\n","protected":false},"excerpt":{"rendered":"<p>Publi\u00e9 le 25.07.2019 \u00e0 21h18 par APA News La 8e Conf\u00e9rence au sommet du Trait\u00e9 d\u2019amiti\u00e9 et de coop\u00e9ration (TAC) entre la R\u00e9publique de C\u00f4te d\u2019Ivoire et le Burkina Faso se tient du 27 au 31 juillet 2019 \u00e0 Ouagadougou, sous la co-pr\u00e9sidence des pr\u00e9sidents Roch Marc Christian Kabor\u00e9 et Alassane Ouattara, annonce un communiqu\u00e9 [&hellip;]<\/p>\n","protected":false},"author":1965,"featured_media":0,"comment_status":"closed","ping_status":"closed","sticky":false,"template":"","format":"standard","meta":{"fifu_image_url":"","fifu_image_alt":"","footnotes":""},"categories":[73,82],"tags":[],"class_list":["post-48516","post","type-post","status-publish","format-standard","hentry","category-actualite","category-cameroun"],"_links":{"self":[{"href":"https:\/\/linitiative.ca\/International\/wp-json\/wp\/v2\/posts\/48516","targetHints":{"allow":["GET"]}}],"collection":[{"href":"https:\/\/linitiative.ca\/International\/wp-json\/wp\/v2\/posts"}],"about":[{"href":"https:\/\/linitiative.ca\/International\/wp-json\/wp\/v2\/types\/post"}],"author":[{"embeddable":true,"href":"https:\/\/linitiative.ca\/International\/wp-json\/wp\/v2\/users\/1965"}],"replies":[{"embeddable":true,"href":"https:\/\/linitiative.ca\/International\/wp-json\/wp\/v2\/comments?post=48516"}],"version-history":[{"count":0,"href":"https:\/\/linitiative.ca\/International\/wp-json\/wp\/v2\/posts\/48516\/revisions"}],"wp:attachment":[{"href":"https:\/\/linitiative.ca\/International\/wp-json\/wp\/v2\/media?parent=48516"}],"wp:term":[{"taxonomy":"category","embeddable":true,"href":"https:\/\/linitiative.ca\/International\/wp-json\/wp\/v2\/categories?post=48516"},{"taxonomy":"post_tag","embeddable":true,"href":"https:\/\/linitiative.ca\/International\/wp-json\/wp\/v2\/tags?post=48516"}],"curies":[{"name":"wp","href":"https:\/\/api.w.org\/{rel}","templated":true}]}}