{"id":48517,"date":"2019-07-25T16:18:06","date_gmt":"2019-07-25T20:18:06","guid":{"rendered":"https:\/\/linitiative.ca\/International\/cote-divoire-laide-publique-a-la-presse-estimee-a-9-milliards-de-2009-a-2018-ministre\/"},"modified":"2019-07-25T16:18:06","modified_gmt":"2019-07-25T20:18:06","slug":"cote-divoire-laide-publique-a-la-presse-estimee-a-9-milliards-de-2009-a-2018-ministre","status":"publish","type":"post","link":"https:\/\/linitiative.ca\/International\/cote-divoire-laide-publique-a-la-presse-estimee-a-9-milliards-de-2009-a-2018-ministre\/","title":{"rendered":"C\u00f4te d\u2019Ivoire: l\u2019aide publique \u00e0 la presse estim\u00e9e \u00e0 9 milliards de 2009 \u00e0 2018 (Ministre)"},"content":{"rendered":"<div readability=\"32\">\n<p>Publi\u00e9 le 25.07.2019 \u00e0 21h18 par APA News<\/p>\n<\/div>\n<div readability=\"79\">\n<p>L\u2019aide publique de l\u2019Etat de C\u00f4te d\u2019Ivoire \u00e0 la presse ivoirienne s\u2019\u00e9l\u00e8ve de fa\u00e7on cumul\u00e9e \u00e0 environ 09 milliards FCFA de 2009 \u00e0 2018, a appris APA jeudi de source officielle dans la capitale \u00e9conomique ivoirienne.\u00ab Au plan op\u00e9rationnel, l\u2019aide publique de l\u2019Etat de C\u00f4te d\u2019Ivoire \u00e0 la presse s\u2019\u00e9l\u00e8ve de fa\u00e7on cumul\u00e9e \u00e0 environ 09 milliards FCFA de 2009 \u00e0 2018 dont 700 millions FCFA pour le financement des formations et des \u00e9tudes, 06 milliards FCFA affect\u00e9s aux subventions et dons, et 2,5 milliards FCFA constitutif d\u2019un fonds de garantie des emprunts bancaires \u00bb, a annonc\u00e9 Sidi Ti\u00e9moko Tour\u00e9, le ministre ivoirien de la communication et des m\u00e9dias \u00e0 la 7\u00e8 \u00e9dition des \u00ab Rendez-vous du gouvernement\u00bb, une tribune d\u2019\u00e9changes entre un membre du gouvernement ivoirien et la presse.<\/p>\n<p>Egrenant les actions de l\u2019ex\u00e9cutif ivoirien en faveur de l\u2019\u00e9cosyst\u00e8me des m\u00e9dias dans le pays, M. Tour\u00e9 a \u00e9num\u00e9r\u00e9 plusieurs r\u00e9formes dont la suppression des peines privatives de libert\u00e9 des journalistes.<\/p>\n<p>Auparavant, M. Tour\u00e9 qui est par ailleurs, le porte-parole du gouvernement ivoirien a indiqu\u00e9 que la presse ivoirienne est en crise depuis au moins une vingtaine d\u2019ann\u00e9es. Cette crise s\u2019explique entre autres, \u00a0selon lui, par la perte de confiance du lectorat, la perte de cr\u00e9dibilit\u00e9 des journalistes et le non-respect de l\u2019\u00e9thique et de la d\u00e9ontologie.<\/p>\n<p>En termes de perspectives, M. Tour\u00e9 a entre autres, annonc\u00e9, qu\u2019un projet de d\u00e9cret \u00e9largissant les champs d\u2019intervention de l\u2019organe en charge de l\u2019aide publique aux m\u00e9dias a \u00e9t\u00e9 d\u00e9pos\u00e9 au secr\u00e9tariat g\u00e9n\u00e9ral du gouvernement.<\/p>\n<p>\u00a0En outre, il a assur\u00e9 que \u00ab nous continuerons le renforcement de la r\u00e9gulation avec l\u2019ANP (Autorit\u00e9 nationale de la presse) afin de g\u00e9n\u00e9raliser l\u2019application de la convention collective \u00bb.<\/p>\n<p>En 2017, une cinquantaine de titres, quotidiens et p\u00e9riodiques confondus, ont \u00e9t\u00e9 d\u00e9nombr\u00e9s en C\u00f4te d\u2019Ivoire par les autorit\u00e9s. Ces m\u00e9dias qui tirent en moyenne moins de 120 000 exemplaires quotidiens, peinent \u00e0 vendre 30%, soit 70% d\u2019invendus.<\/p>\n<\/div>\n<p>Auteur: APA News<br \/>\n<a href=\"https:\/\/www.journalducameroun.com\/cote-divoire-laide-publique-a-la-presse-estimee-a-9-milliards-de-2009-a-2018-ministre\/\">Cliquez ici pour lire l&rsquo;article depuis sa source.<\/a><\/p>\n","protected":false},"excerpt":{"rendered":"<p>Publi\u00e9 le 25.07.2019 \u00e0 21h18 par APA News L\u2019aide publique de l\u2019Etat de C\u00f4te d\u2019Ivoire \u00e0 la presse ivoirienne s\u2019\u00e9l\u00e8ve de fa\u00e7on cumul\u00e9e \u00e0 environ 09 milliards FCFA de 2009 \u00e0 2018, a appris APA jeudi de source officielle dans la capitale \u00e9conomique ivoirienne.\u00ab Au plan op\u00e9rationnel, l\u2019aide publique de l\u2019Etat de C\u00f4te d\u2019Ivoire \u00e0 [&hellip;]<\/p>\n","protected":false},"author":1965,"featured_media":0,"comment_status":"closed","ping_status":"closed","sticky":false,"template":"","format":"standard","meta":{"fifu_image_url":"","fifu_image_alt":"","footnotes":""},"categories":[73,82],"tags":[],"class_list":["post-48517","post","type-post","status-publish","format-standard","hentry","category-actualite","category-cameroun"],"_links":{"self":[{"href":"https:\/\/linitiative.ca\/International\/wp-json\/wp\/v2\/posts\/48517","targetHints":{"allow":["GET"]}}],"collection":[{"href":"https:\/\/linitiative.ca\/International\/wp-json\/wp\/v2\/posts"}],"about":[{"href":"https:\/\/linitiative.ca\/International\/wp-json\/wp\/v2\/types\/post"}],"author":[{"embeddable":true,"href":"https:\/\/linitiative.ca\/International\/wp-json\/wp\/v2\/users\/1965"}],"replies":[{"embeddable":true,"href":"https:\/\/linitiative.ca\/International\/wp-json\/wp\/v2\/comments?post=48517"}],"version-history":[{"count":0,"href":"https:\/\/linitiative.ca\/International\/wp-json\/wp\/v2\/posts\/48517\/revisions"}],"wp:attachment":[{"href":"https:\/\/linitiative.ca\/International\/wp-json\/wp\/v2\/media?parent=48517"}],"wp:term":[{"taxonomy":"category","embeddable":true,"href":"https:\/\/linitiative.ca\/International\/wp-json\/wp\/v2\/categories?post=48517"},{"taxonomy":"post_tag","embeddable":true,"href":"https:\/\/linitiative.ca\/International\/wp-json\/wp\/v2\/tags?post=48517"}],"curies":[{"name":"wp","href":"https:\/\/api.w.org\/{rel}","templated":true}]}}