{"id":48518,"date":"2019-07-25T16:50:02","date_gmt":"2019-07-25T20:50:02","guid":{"rendered":"https:\/\/linitiative.ca\/International\/canicule-sur-leurope-occidentale-la-journee-des-records\/"},"modified":"2019-07-25T16:50:02","modified_gmt":"2019-07-25T20:50:02","slug":"canicule-sur-leurope-occidentale-la-journee-des-records","status":"publish","type":"post","link":"https:\/\/linitiative.ca\/International\/canicule-sur-leurope-occidentale-la-journee-des-records\/","title":{"rendered":"Canicule sur l\u2019Europe occidentale : la journ\u00e9e des records"},"content":{"rendered":"<p>La deuxi\u00e8me canicule de l\u2019\u00e9t\u00e9, qui accable des millions d\u2019habitants en Europe occidentale, a pulv\u00e9ris\u00e9 les records les uns apr\u00e8s les autres, la barre des 42\u00b0C \u00e9tant largement franchie \u00e0 Paris jeudi, au paroxysme de cet \u00e9pisode avant des orages et un rafra\u00eechissement pr\u00e9vu en fin de semaine.<\/p>\n<p>Comme attendu, le record historique de chaleur qui datait de plus de 70 ans dans la capitale fran\u00e7aise est tomb\u00e9 avec 42,6\u00b0C enregistr\u00e9s en milieu d\u2019apr\u00e8s-midi (14H32 GMT) : depuis le d\u00e9but des mesures en 1873, Paris n\u2019avait d\u00e9pass\u00e9 les 40\u00b0C qu\u2019une seule fois, le 28 juillet 1947, avec 40,4\u00b0C.<\/p>\n<p>L\u2019Allemagne a battu jeudi un nouveau record absolu de chaleur avec 42,6\u00b0C aussi, mesur\u00e9s \u00e0 Lingen en Basse-Saxe. Celui-ci a pulv\u00e9ris\u00e9 un pr\u00e9c\u00e9dent record de 40,5\u00b0C \u00e9tabli la veille seulement \u00e0 Geilenkirchen, \u00e9galement dans le nord-ouest du pays.<\/p>\n<p>Les records de chaleur sont \u00e9galement tomb\u00e9s aux Pays-Bas avec 40,4\u00b0C; en Belgique avec 40,6\u00b0C.<\/p>\n<p>Sous l\u2019effet conjugu\u00e9 de ces chaleurs exceptionnelles et de la s\u00e9cheresse, des incendies ont ravag\u00e9 plusieurs milliers d\u2019hectares de cultures et de v\u00e9g\u00e9tation jeudi en France, dans le nord-ouest, le nord et le nord-est du pays.<\/p>\n<p>La chaleur est telle sur cette partie de l\u2019Europe que la soci\u00e9t\u00e9 des trains \u00e0 grande vitesse Thalys, qui dessert plusieurs grandes villes du Nord, a suspendu toutes ses ventes de billets sur toutes ses lignes jusqu\u2019\u00e0 vendredi, \u00e0 cause de probl\u00e8mes sur les infrastructures.<\/p>\n<p>Un voyageur du Thalys Amsterdam-Paris a appel\u00e9 l\u2019AFP pour signaler que son train \u00e9tait immobilis\u00e9 sur les voies au nord de Bruxelles, sans climatisation mais avec des bouteilles d\u2019eau \u00ab\u00a0mises \u00e0 disposition au bar\u00a0\u00bb.<\/p>\n<p>Pour l\u2019Allemagne, plac\u00e9e en alerte canicule, passer le seuil des 42\u00b0C est une premi\u00e8re; la centrale nucl\u00e9aire de Grohnde, en Basse-Saxe, sera provisoirement mise \u00e0 l\u2019arr\u00eat vendredi jusqu\u2019\u00e0 dimanche, l\u2019eau de la rivi\u00e8re Weser servant \u00e0 rafraichir le r\u00e9acteur risquant d\u2019atteindre le seuil critique de 26\u00b0C.<\/p>\n<p>\u2013 \u00ab\u00a0Ne pas trop bouger\u00a0\u00bb \u2013<\/p>\n<p>Chacun adopte des strat\u00e9gies personnelles, telle Serona Methorst, 19 ans, \u00e9tudiante n\u00e9erlandaise : \u00ab\u00a0J\u2019essaie juste de ne pas trop bouger pour ne pas avoir trop chaud\u00a0\u00bb, t\u00e9moigne-t-elle, allong\u00e9e sous les arbres \u00e0 La Haye.<\/p>\n<p>Dans le centre des Pays-Bas, la police esp\u00e8rait m\u00eame arracher une tr\u00eave aux voleurs et criminels : elle a lanc\u00e9 un appel sur Facebook pour demander aux gens de rester \u00ab\u00a0tranquilles\u00a0\u00bb. \u00ab\u00a0C\u2019est tr\u00e8s rude de travailler avec ce temps\u00a0\u00bb, justifie-t-elle.<\/p>\n<p>En Belgique, sur le porte d\u2019Anvers, deux hommes enferm\u00e9s dans un conteneur rempli de coca\u00efne ont carr\u00e9ment appel\u00e9 la police pour qu\u2019elle vienne les d\u00e9livrer.<\/p>\n<p>Ces vagues de chaleur sont appel\u00e9es \u00e0 se multiplier et \u00e0 s\u2019intensifier sous l\u2019effet du r\u00e9chauffement climatique provoqu\u00e9 par les activit\u00e9s humaines. Au cours des 2.000 derni\u00e8res ann\u00e9es, les temp\u00e9ratures mondiales n\u2019avaient jamais augment\u00e9 aussi rapidement que maintenant, selon des donn\u00e9es publi\u00e9es mercredi dans deux \u00e9tudes distinctes dans les revues Nature et Nature Geoscience.<\/p>\n<p>La nuit de mercredi \u00e0 jeudi avait \u00e9t\u00e9 \u00ab\u00a0tr\u00e8s probablement\u00a0\u00bb la plus chaude jamais mesur\u00e9e en France avec une temp\u00e9rature minimale moyenne de 21,4\u00b0C, devant les 21,3\u00b0C du 14 ao\u00fbt 2003, selon M\u00e9t\u00e9o-France.<\/p>\n<p>Le rafra\u00eechissement est cependant promis \u00e0 partir de vendredi, accompagn\u00e9 d\u2019orages.<\/p>\n<p>Et il sera le bienvenu, notamment \u00e0 Paris : \u00ab\u00a0Il fait tr\u00e8s chaud dans le m\u00e9tro, c\u2019est insupportable!\u00a0\u00bb, t\u00e9moignait \u00e0 l\u2019AFP Petra Ulm, 34 ans, chercheuse autrichienne vivant en France depuis 10 ans et qui d\u00e9plore l\u2019absence d\u2019air conditionn\u00e9.<\/p>\n<p>Au moins quatre personnes sont d\u00e9c\u00e9d\u00e9es dans des lacs ou rivi\u00e8res \u2013 mais le lien avec les fortes chaleurs n\u2019est pas encore d\u00e9montr\u00e9.<\/p>\n<p>Le Royaume-Uni a atteint la temp\u00e9rature maximum jamais enregistr\u00e9e en juillet, en d\u00e9but d\u2019apr\u00e8s-midi, avec 36,9\u00b0 \u00e0 Heathrow, selon l\u2019office m\u00e9t\u00e9o. Le thermom\u00e8tre a grimp\u00e9 jusque 38,1\u00b0 \u00e0 Cambridge. Les fortes chaleurs ont aussi provoqu\u00e9 des perturbations dans le trafic ferroviaire, avec des ralentissements de trains.<\/p>\n<p>A Londres, Graham Clarke, un agent d\u2019assurance de 50 ans, s\u2019en r\u00e9jouissait pourtant : \u00ab\u00a0Bien s\u00fbr, c\u2019est difficile pour certains, mais si vous \u00eates en cong\u00e9 avec des enfants, c\u2019est une journ\u00e9e magnifique pour aller \u00e0 la plage!\u00a0\u00bb<\/p>\n<p>La police recherchait cependant trois personnes port\u00e9es disparues apr\u00e8s s\u2019\u00eatre baign\u00e9es dans la Tamise.<\/p>\n<p>\u2013 Baisse amorc\u00e9e en Espagne-<\/p>\n<p>En Autriche, un enfant de trois ans est mort de d\u00e9shydratation dans le sud du pays mercredi : il avait \u00e9t\u00e9 d\u00e9couvert inconscient lundi dans une voiture en plein soleil, o\u00f9 il \u00e9tait mont\u00e9 et s\u2019\u00e9tait endormi \u00e0 l\u2019insu de ses grands-parents.<\/p>\n<p>L\u2019Italie est \u00e9galement touch\u00e9e et les autorit\u00e9s ont \u00e9lev\u00e9 mercredi l\u2019alerte au niveau 3 (\u00ab\u00a0bulletin rouge\u00a0\u00bb) dans cinq villes (Bolzano, Brescia, Florence, P\u00e9rouse et Turin).<\/p>\n<p>Le Luxembourg et une partie de la Suisse sont aussi touch\u00e9s par cet \u00e9pisode de canicule.<\/p>\n<p>En Espagne, les temp\u00e9ratures ont commenc\u00e9 \u00e0 redescendre \u00e0 des valeurs normales pour la saison estivale, avec seulement six des 50 provinces du pays toujours en alerte orange, selon le service m\u00e9t\u00e9orologique national.<\/p>\n<p>Les temp\u00e9ratures les plus \u00e9lev\u00e9es sont attendues dans le nord-est o\u00f9 elles pourraient atteindre les 41\u00b0C \u00e0 Saragosse. Cette zone est \u00e9galement plac\u00e9e en alerte aux orages violents.<\/p>\n<p>burx-lp-ach\/agr\/mba\/mct<\/p>\n<p>Auteur: AFP<br \/>\n<a href=\"https:\/\/www.journalducameroun.com\/canicule-sur-leurope-occidentale-la-journee-des-records\/\">Cliquez ici pour lire l&rsquo;article depuis sa source.<\/a><\/p>\n","protected":false},"excerpt":{"rendered":"<p>La deuxi\u00e8me canicule de l\u2019\u00e9t\u00e9, qui accable des millions d\u2019habitants en Europe occidentale, a pulv\u00e9ris\u00e9 les records les uns apr\u00e8s les autres, la barre des 42\u00b0C \u00e9tant largement franchie \u00e0 Paris jeudi, au paroxysme de cet \u00e9pisode avant des orages et un rafra\u00eechissement pr\u00e9vu en fin de semaine. Comme attendu, le record historique de chaleur [&hellip;]<\/p>\n","protected":false},"author":1965,"featured_media":0,"comment_status":"closed","ping_status":"closed","sticky":false,"template":"","format":"standard","meta":{"fifu_image_url":"","fifu_image_alt":"","footnotes":""},"categories":[73,82],"tags":[],"class_list":["post-48518","post","type-post","status-publish","format-standard","hentry","category-actualite","category-cameroun"],"_links":{"self":[{"href":"https:\/\/linitiative.ca\/International\/wp-json\/wp\/v2\/posts\/48518","targetHints":{"allow":["GET"]}}],"collection":[{"href":"https:\/\/linitiative.ca\/International\/wp-json\/wp\/v2\/posts"}],"about":[{"href":"https:\/\/linitiative.ca\/International\/wp-json\/wp\/v2\/types\/post"}],"author":[{"embeddable":true,"href":"https:\/\/linitiative.ca\/International\/wp-json\/wp\/v2\/users\/1965"}],"replies":[{"embeddable":true,"href":"https:\/\/linitiative.ca\/International\/wp-json\/wp\/v2\/comments?post=48518"}],"version-history":[{"count":0,"href":"https:\/\/linitiative.ca\/International\/wp-json\/wp\/v2\/posts\/48518\/revisions"}],"wp:attachment":[{"href":"https:\/\/linitiative.ca\/International\/wp-json\/wp\/v2\/media?parent=48518"}],"wp:term":[{"taxonomy":"category","embeddable":true,"href":"https:\/\/linitiative.ca\/International\/wp-json\/wp\/v2\/categories?post=48518"},{"taxonomy":"post_tag","embeddable":true,"href":"https:\/\/linitiative.ca\/International\/wp-json\/wp\/v2\/tags?post=48518"}],"curies":[{"name":"wp","href":"https:\/\/api.w.org\/{rel}","templated":true}]}}