{"id":48519,"date":"2019-07-25T17:18:03","date_gmt":"2019-07-25T21:18:03","guid":{"rendered":"https:\/\/linitiative.ca\/International\/tunisie-le-president-du-parlement-investie-a-la-presidence-de-la-republique-par-interim\/"},"modified":"2019-07-25T17:18:03","modified_gmt":"2019-07-25T21:18:03","slug":"tunisie-le-president-du-parlement-investie-a-la-presidence-de-la-republique-par-interim","status":"publish","type":"post","link":"https:\/\/linitiative.ca\/International\/tunisie-le-president-du-parlement-investie-a-la-presidence-de-la-republique-par-interim\/","title":{"rendered":"Tunisie : Le Pr\u00e9sident du parlement investie \u00e0 la pr\u00e9sidence de la R\u00e9publique par int\u00e9rim"},"content":{"rendered":"<div readability=\"32\">\n<p>Publi\u00e9 le 25.07.2019 \u00e0 22h18 par APA News<\/p>\n<\/div>\n<div readability=\"49\">\n<p>Le pr\u00e9sident du parlement tunisien Mohamed Ennaceur a pr\u00eat\u00e9 jeudi serment constitutionnel devant les membres du bureau de l\u2019Assembl\u00e9e des Repr\u00e9sentants du Peuple pour son investiture \u00e0 la pr\u00e9sidence de la R\u00e9publique tunisienne par int\u00e9rim suite au d\u00e9c\u00e8s du pr\u00e9sident B\u00e9ji Ca\u00efd Essebsi.L\u2019investiture de M. Ennaceur intervient conform\u00e9ment aux articles 84 et 85 de la constitution qui pr\u00e9voient qu\u2019en cas de vacance d\u00e9finitive, comme la d\u00e9mission ou le d\u00e9c\u00e8s du chef de l\u2019Etat, c\u2019est le pr\u00e9sident de l\u2019Assembl\u00e9e des repr\u00e9sentants du peuple qui assure l\u2019int\u00e9rim pendant une p\u00e9riode comprise entre 45 jours minimum et 90 jours maximum.<\/p>\n<p>Cet int\u00e9rim ne donne que des pouvoirs limit\u00e9s au nouveau pr\u00e9sident. Il ne lui est pas possible de modifier la Constitution, de convoquer un r\u00e9f\u00e9rendum, de dissoudre le Parlement ou de censurer le gouvernement.<\/p>\n<p>Le pr\u00e9sident tunisien B\u00e9ji Ca\u00efd Essebsi est d\u00e9c\u00e9d\u00e9 ce jeudi \u00e0 l\u2019\u00e2ge de 92 ans. Quatri\u00e8me pr\u00e9sident de la R\u00e9publique tunisienne, B\u00e9ji Caid Essebsi a \u00e9t\u00e9 investi \u00e0 la magistrature supr\u00eame de son pays le 31 d\u00e9cembre 2014 devenant ainsi le premier pr\u00e9sident \u00e9lu au suffrage universel de l\u2019histoire de la Tunisie.<\/p>\n<\/div>\n<p>Auteur: APA News<br \/>\n<a href=\"https:\/\/www.journalducameroun.com\/tunisie-le-president-du-parlement-investie-a-la-presidence-de-la-republique-par-interim\/\">Cliquez ici pour lire l&rsquo;article depuis sa source.<\/a><\/p>\n","protected":false},"excerpt":{"rendered":"<p>Publi\u00e9 le 25.07.2019 \u00e0 22h18 par APA News Le pr\u00e9sident du parlement tunisien Mohamed Ennaceur a pr\u00eat\u00e9 jeudi serment constitutionnel devant les membres du bureau de l\u2019Assembl\u00e9e des Repr\u00e9sentants du Peuple pour son investiture \u00e0 la pr\u00e9sidence de la R\u00e9publique tunisienne par int\u00e9rim suite au d\u00e9c\u00e8s du pr\u00e9sident B\u00e9ji Ca\u00efd Essebsi.L\u2019investiture de M. Ennaceur intervient [&hellip;]<\/p>\n","protected":false},"author":1965,"featured_media":0,"comment_status":"closed","ping_status":"closed","sticky":false,"template":"","format":"standard","meta":{"fifu_image_url":"","fifu_image_alt":"","footnotes":""},"categories":[73,82],"tags":[],"class_list":["post-48519","post","type-post","status-publish","format-standard","hentry","category-actualite","category-cameroun"],"_links":{"self":[{"href":"https:\/\/linitiative.ca\/International\/wp-json\/wp\/v2\/posts\/48519","targetHints":{"allow":["GET"]}}],"collection":[{"href":"https:\/\/linitiative.ca\/International\/wp-json\/wp\/v2\/posts"}],"about":[{"href":"https:\/\/linitiative.ca\/International\/wp-json\/wp\/v2\/types\/post"}],"author":[{"embeddable":true,"href":"https:\/\/linitiative.ca\/International\/wp-json\/wp\/v2\/users\/1965"}],"replies":[{"embeddable":true,"href":"https:\/\/linitiative.ca\/International\/wp-json\/wp\/v2\/comments?post=48519"}],"version-history":[{"count":0,"href":"https:\/\/linitiative.ca\/International\/wp-json\/wp\/v2\/posts\/48519\/revisions"}],"wp:attachment":[{"href":"https:\/\/linitiative.ca\/International\/wp-json\/wp\/v2\/media?parent=48519"}],"wp:term":[{"taxonomy":"category","embeddable":true,"href":"https:\/\/linitiative.ca\/International\/wp-json\/wp\/v2\/categories?post=48519"},{"taxonomy":"post_tag","embeddable":true,"href":"https:\/\/linitiative.ca\/International\/wp-json\/wp\/v2\/tags?post=48519"}],"curies":[{"name":"wp","href":"https:\/\/api.w.org\/{rel}","templated":true}]}}