{"id":48520,"date":"2019-07-25T17:18:07","date_gmt":"2019-07-25T21:18:07","guid":{"rendered":"https:\/\/linitiative.ca\/International\/deces-du-president-tunisien-le-roi-mohammed-vi-presente-ses-vives-condoleances\/"},"modified":"2019-07-25T17:18:07","modified_gmt":"2019-07-25T21:18:07","slug":"deces-du-president-tunisien-le-roi-mohammed-vi-presente-ses-vives-condoleances","status":"publish","type":"post","link":"https:\/\/linitiative.ca\/International\/deces-du-president-tunisien-le-roi-mohammed-vi-presente-ses-vives-condoleances\/","title":{"rendered":"D\u00e9c\u00e8s du Pr\u00e9sident tunisien : Le Roi Mohammed VI pr\u00e9sente ses vives condol\u00e9ances"},"content":{"rendered":"<div readability=\"32\">\n<p>Publi\u00e9 le 25.07.2019 \u00e0 22h18 par APA News<\/p>\n<\/div>\n<div readability=\"62\">\n<p>Le Roi Mohammed VI a adress\u00e9 un message de condol\u00e9ances au pr\u00e9sident de l\u2019Assembl\u00e9e des repr\u00e9sentants du peuple tunisien, Mohamed Ennaceur, suite au d\u00e9c\u00e8s ce jeudi du pr\u00e9sident de la r\u00e9publique tunisienne, B\u00e9ji Ca\u00efd Essebsi.Dans ce message, le Souverain marocain affirme avoir appris avec grande \u00e9motion et profonde affliction la nouvelle du d\u00e9c\u00e8s du Chef de l\u2019Etat tunisien, exprimant, en son nom et en celui du peuple marocain, \u00e0 M. Ennaceur et \u00e0 travers lui \u00e0 la famille du grand regrett\u00e9 et au peuple tunisien fr\u00e8re, \u00ab ses vives condol\u00e9ances et ses sinc\u00e8res sentiments de compassion suite \u00e0 la disparition de l\u2019un des grands hommes de la Tunisie ayant consacr\u00e9 leur vie \u00e0 servir leur pays et contribu\u00e9 avec abn\u00e9gation et d\u00e9vouement \u00e0 l\u2019\u00e9dification de son Etat moderne \u00bb.<\/p>\n<p>Le Souverain dit se rem\u00e9morer en cette dure \u00e9preuve les hautes qualit\u00e9s du d\u00e9funt et la grande comp\u00e9tence politique dont il a fait preuve dans la conduite \u00e9clair\u00e9e de son pays notamment apr\u00e8s son \u00e9lection en tant que chef de l\u2019Etat, ajoutant que B\u00e9ji Ca\u00efd Essebsi a oeuvr\u00e9 avec s\u00e9rieux et un esprit de patriotisme exemplaire \u00e0 parachever et consacrer le processus d\u00e9mocratique de son pays et \u00e0 renforcer sa renaissance et son d\u00e9veloppement dans la cadre de la s\u00e9curit\u00e9 et de la stabilit\u00e9.<\/p>\n<p>Le Maroc se rappelle avec estime les liens de fraternit\u00e9 solide et de solidarit\u00e9 agissante qui attachaient le d\u00e9funt au Royaume et sa ferme d\u00e9termination \u00e0 \u00e9tablir des relations de coop\u00e9ration solide et exemplaire entre les deux pays, outre son attachement sinc\u00e8re \u00e0 l\u2019unit\u00e9 et la grandeur des peuples maghr\u00e9bins fr\u00e8res, souligne-t-il dans ce message.<\/p>\n<p>Le pr\u00e9sident tunisien B\u00e9ji Ca\u00efd Essebsi est d\u00e9c\u00e9d\u00e9 ce jeudi \u00e0 l\u2019\u00e2ge de 92 ans. Quatri\u00e8me pr\u00e9sident de la R\u00e9publique tunisienne, B\u00e9ji Caid Essebsi a \u00e9t\u00e9 investi \u00e0 la magistrature supr\u00eame de son pays le 31 d\u00e9cembre 2014 devenant ainsi le premier pr\u00e9sident \u00e9lu au suffrage universel de l\u2019histoire de la Tunisie.<\/p>\n<\/div>\n<p>Auteur: APA News<br \/>\n<a href=\"https:\/\/www.journalducameroun.com\/deces-du-president-tunisien-le-roi-mohammed-vi-presente-ses-vives-condoleances\/\">Cliquez ici pour lire l&rsquo;article depuis sa source.<\/a><\/p>\n","protected":false},"excerpt":{"rendered":"<p>Publi\u00e9 le 25.07.2019 \u00e0 22h18 par APA News Le Roi Mohammed VI a adress\u00e9 un message de condol\u00e9ances au pr\u00e9sident de l\u2019Assembl\u00e9e des repr\u00e9sentants du peuple tunisien, Mohamed Ennaceur, suite au d\u00e9c\u00e8s ce jeudi du pr\u00e9sident de la r\u00e9publique tunisienne, B\u00e9ji Ca\u00efd Essebsi.Dans ce message, le Souverain marocain affirme avoir appris avec grande \u00e9motion et [&hellip;]<\/p>\n","protected":false},"author":1965,"featured_media":0,"comment_status":"closed","ping_status":"closed","sticky":false,"template":"","format":"standard","meta":{"fifu_image_url":"","fifu_image_alt":"","footnotes":""},"categories":[73,82],"tags":[],"class_list":["post-48520","post","type-post","status-publish","format-standard","hentry","category-actualite","category-cameroun"],"_links":{"self":[{"href":"https:\/\/linitiative.ca\/International\/wp-json\/wp\/v2\/posts\/48520","targetHints":{"allow":["GET"]}}],"collection":[{"href":"https:\/\/linitiative.ca\/International\/wp-json\/wp\/v2\/posts"}],"about":[{"href":"https:\/\/linitiative.ca\/International\/wp-json\/wp\/v2\/types\/post"}],"author":[{"embeddable":true,"href":"https:\/\/linitiative.ca\/International\/wp-json\/wp\/v2\/users\/1965"}],"replies":[{"embeddable":true,"href":"https:\/\/linitiative.ca\/International\/wp-json\/wp\/v2\/comments?post=48520"}],"version-history":[{"count":0,"href":"https:\/\/linitiative.ca\/International\/wp-json\/wp\/v2\/posts\/48520\/revisions"}],"wp:attachment":[{"href":"https:\/\/linitiative.ca\/International\/wp-json\/wp\/v2\/media?parent=48520"}],"wp:term":[{"taxonomy":"category","embeddable":true,"href":"https:\/\/linitiative.ca\/International\/wp-json\/wp\/v2\/categories?post=48520"},{"taxonomy":"post_tag","embeddable":true,"href":"https:\/\/linitiative.ca\/International\/wp-json\/wp\/v2\/tags?post=48520"}],"curies":[{"name":"wp","href":"https:\/\/api.w.org\/{rel}","templated":true}]}}