{"id":48527,"date":"2019-07-25T12:58:23","date_gmt":"2019-07-25T16:58:23","guid":{"rendered":"https:\/\/linitiative.ca\/International\/recettes-douanieres-le-montant-vise-pas-atteint-au-premier-semestre-2019\/"},"modified":"2019-07-25T12:58:23","modified_gmt":"2019-07-25T16:58:23","slug":"recettes-douanieres-le-montant-vise-pas-atteint-au-premier-semestre-2019","status":"publish","type":"post","link":"https:\/\/linitiative.ca\/International\/recettes-douanieres-le-montant-vise-pas-atteint-au-premier-semestre-2019\/","title":{"rendered":"Recettes douani\u00e8res : le montant vis\u00e9 pas atteint au premier semestre 2019"},"content":{"rendered":"<p>La douane camerounaise a mobilis\u00e9, fin premier semestre 2019, des recettes d\u2019un montant de <strong>364,3 milliards Fcfa<\/strong>, moins de <strong>32 milliards Fcfa<\/strong> par rapport \u00e0 l\u2019objectif vis\u00e9. C\u2019est ce que l\u2019on apprend du bilan dress\u00e9 le 12 juillet dernier par sa Direction g\u00e9n\u00e9rale.<\/p>\n<p>En effet, la Direction g\u00e9n\u00e9rale de la Douane pr\u00e9voyait mobiliser 32 milliards de plus au cours de cette p\u00e9riode, soit <strong>396,3 milliards Fcfa<\/strong>, pour atteindre au moins <strong>47%<\/strong> de son objectif annuel. Mais les pertes li\u00e9es aux <strong>Accords de partenariat \u00e9conomiques (APE)<\/strong> et exon\u00e9rations accord\u00e9es \u00e0 certaines entreprises par l\u2019Etat d\u2019une part, et un important stock des restes \u00e0 recouvrer aupr\u00e8s d\u2019autres entreprises, d\u2019un montant global estim\u00e9 \u00e0 plus de <strong>175 milliards<\/strong>, ont frein\u00e9 cet \u00e9lan.<\/p>\n<p>Pour rappel, s\u2019agissant de l\u2019APE bilat\u00e9ral conclu avec l\u2019Union europ\u00e9enne depuis ao\u00fbt 2016, les importations en provenance de l\u2019UE b\u00e9n\u00e9ficient depuis 2018, d\u2019un d\u00e9gr\u00e8vement de <strong>75%<\/strong> du droit de douane pour les produits du groupe 1. Et d\u00e8s le 04 ao\u00fbt prochain, aucun droit de douane ne sera pr\u00e9lev\u00e9 sur ces produits. Quant \u00e0 ceux du groupe 2, le d\u00e9mant\u00e8lement tarifaire a commenc\u00e9 avec une r\u00e9duction de 15% en 2017 port\u00e9 \u00e0 <strong>30%<\/strong> en 2018.<\/p>\n<p>Egalement, la direction g\u00e9n\u00e9rale des douanes rapporte que plus de <strong>50 milliards<\/strong> reste \u00e0 recouvrer aupr\u00e8s de la <strong>Soci\u00e9t\u00e9 nationale de Raffinage<\/strong> (Sonara) et au moins <strong>47 milliards<\/strong> aupr\u00e8s de l\u2019Etat.<\/p>\n<p>Toutefois, malgr\u00e9 cette sous-performance, ses recettes sont en hausse de <strong>1,9%<\/strong> en comparaison \u00e0 celles de 2018, soit <strong>6,8 milliards de Fcfa<\/strong> en valeur absolue. Et pour le second semestre de l\u2019ann\u00e9e en cours, la douane compte bien mobiliser les <strong>485,7 milliards<\/strong> restant pour combler le manque \u00e0 gagner du premier semestre, afin d\u2019atteindre son objectif annuel de 850 milliards. Entre autres strat\u00e9gies mises en \u0153uvre, la moyenne mensuelle a \u00e9t\u00e9 revue \u00e0 la hausse, \u00e0 81 milliards Fcfa, soit <strong>7,2 milliards<\/strong> de plus que celle du deuxi\u00e8me semestre de l\u2019ann\u00e9e derni\u00e8re, apprend-on dans le quotidien national.<\/p>\n<div class=\"about-author about-author-box container-wrapper\">\n<div class=\"author-avatar\">\n<p><img decoding=\"async\" src=\"http:\/\/\" alt=\"\"\/><\/p>\n<\/div>\n<p><h4>La R\u00e9daction EcoMatin<\/h4>\n<\/p>\n<\/div>\n<div class=\"awac-wrapper awac widget blog_subscription-2\">\n<h4 class=\"widget-title\">Abonnez-vous \u00e0 notre lettre d&rsquo;information<\/h4>\n<\/div>\n<p>Auteur: EcoMatin<br \/>\n<a href=\"https:\/\/ecomatin.net\/recettes-douanieres-le-montant-vise-pas-atteint-au-premier-semestre-2019\/\">Cliquez ici pour lire l&rsquo;article depuis sa source.<\/a><\/p>\n","protected":false},"excerpt":{"rendered":"<p>La douane camerounaise a mobilis\u00e9, fin premier semestre 2019, des recettes d\u2019un montant de 364,3 milliards Fcfa, moins de 32 milliards Fcfa par rapport \u00e0 l\u2019objectif vis\u00e9. C\u2019est ce que l\u2019on apprend du bilan dress\u00e9 le 12 juillet dernier par sa Direction g\u00e9n\u00e9rale. En effet, la Direction g\u00e9n\u00e9rale de la Douane pr\u00e9voyait mobiliser 32 milliards [&hellip;]<\/p>\n","protected":false},"author":1969,"featured_media":0,"comment_status":"closed","ping_status":"closed","sticky":false,"template":"","format":"standard","meta":{"fifu_image_url":"","fifu_image_alt":"","footnotes":""},"categories":[82,78],"tags":[],"class_list":["post-48527","post","type-post","status-publish","format-standard","hentry","category-cameroun","category-economie"],"_links":{"self":[{"href":"https:\/\/linitiative.ca\/International\/wp-json\/wp\/v2\/posts\/48527","targetHints":{"allow":["GET"]}}],"collection":[{"href":"https:\/\/linitiative.ca\/International\/wp-json\/wp\/v2\/posts"}],"about":[{"href":"https:\/\/linitiative.ca\/International\/wp-json\/wp\/v2\/types\/post"}],"author":[{"embeddable":true,"href":"https:\/\/linitiative.ca\/International\/wp-json\/wp\/v2\/users\/1969"}],"replies":[{"embeddable":true,"href":"https:\/\/linitiative.ca\/International\/wp-json\/wp\/v2\/comments?post=48527"}],"version-history":[{"count":0,"href":"https:\/\/linitiative.ca\/International\/wp-json\/wp\/v2\/posts\/48527\/revisions"}],"wp:attachment":[{"href":"https:\/\/linitiative.ca\/International\/wp-json\/wp\/v2\/media?parent=48527"}],"wp:term":[{"taxonomy":"category","embeddable":true,"href":"https:\/\/linitiative.ca\/International\/wp-json\/wp\/v2\/categories?post=48527"},{"taxonomy":"post_tag","embeddable":true,"href":"https:\/\/linitiative.ca\/International\/wp-json\/wp\/v2\/tags?post=48527"}],"curies":[{"name":"wp","href":"https:\/\/api.w.org\/{rel}","templated":true}]}}