{"id":48528,"date":"2019-07-25T13:06:36","date_gmt":"2019-07-25T17:06:36","guid":{"rendered":"https:\/\/linitiative.ca\/International\/decentralisation-deplaces-internes-can-2021-plan-triennal-jeunes-parmi-les-priorites-du-budget-2020\/"},"modified":"2019-07-25T13:06:36","modified_gmt":"2019-07-25T17:06:36","slug":"decentralisation-deplaces-internes-can-2021-plan-triennal-jeunes-parmi-les-priorites-du-budget-2020","status":"publish","type":"post","link":"https:\/\/linitiative.ca\/International\/decentralisation-deplaces-internes-can-2021-plan-triennal-jeunes-parmi-les-priorites-du-budget-2020\/","title":{"rendered":"D\u00e9centralisation, d\u00e9plac\u00e9s internes, Can 2021, Plan triennal jeunes, parmi les priorit\u00e9s du budget 2020"},"content":{"rendered":"<div class=\"featured-area featured-area-inner\"><img loading=\"lazy\" decoding=\"async\" width=\"612\" height=\"306\" src=\"https:\/\/i1.wp.com\/ecomatin.net\/wp-content\/uploads\/2019\/04\/ecomatin.net-reduction-du-train-de-vie-de-letat-ce-que-le-cameroun-refuse-de-faire-yaounde-4.jpg?resize=612%2C306&#038;ssl=1&#038;is-pending-load=1\" class=\"attachment-jannah-image-post size-jannah-image-post wp-post-image jetpack-lazy-image\" alt=\"\" data-attachment-id=\"7410\" data-permalink=\"https:\/\/ecomatin.net\/reduction-du-train-de-vie-de-letat-ce-que-le-cameroun-refuse-de-faire\/yaounde-4-2\/\" data-orig-file=\"https:\/\/i1.wp.com\/ecomatin.net\/wp-content\/uploads\/2019\/04\/ecomatin.net-reduction-du-train-de-vie-de-letat-ce-que-le-cameroun-refuse-de-faire-yaounde-4.jpg?fit=612%2C306&#038;ssl=1\" data-orig-size=\"612,306\" data-comments-opened=\"0\" data-image-meta=\"{\"aperture\":\"0\",\"credit\":\"\",\"camera\":\"\",\"caption\":\"\",\"created_timestamp\":\"0\",\"copyright\":\"\",\"focal_length\":\"0\",\"iso\":\"0\",\"shutter_speed\":\"0\",\"title\":\"\",\"orientation\":\"0\"}\" data-image-title=\"yaound\u00e9 4\" data-image-description=\"\" data-medium-file=\"https:\/\/i1.wp.com\/ecomatin.net\/wp-content\/uploads\/2019\/04\/ecomatin.net-reduction-du-train-de-vie-de-letat-ce-que-le-cameroun-refuse-de-faire-yaounde-4.jpg?fit=300%2C150&#038;ssl=1\" data-large-file=\"https:\/\/i1.wp.com\/ecomatin.net\/wp-content\/uploads\/2019\/04\/ecomatin.net-reduction-du-train-de-vie-de-letat-ce-que-le-cameroun-refuse-de-faire-yaounde-4.jpg?fit=612%2C306&#038;ssl=1\" data-lazy-srcset=\"https:\/\/i1.wp.com\/ecomatin.net\/wp-content\/uploads\/2019\/04\/ecomatin.net-reduction-du-train-de-vie-de-letat-ce-que-le-cameroun-refuse-de-faire-yaounde-4.jpg?w=612&#038;ssl=1 612w, https:\/\/i1.wp.com\/ecomatin.net\/wp-content\/uploads\/2019\/04\/ecomatin.net-reduction-du-train-de-vie-de-letat-ce-que-le-cameroun-refuse-de-faire-yaounde-4.jpg?resize=300%2C150&#038;ssl=1 300w\" data-lazy-sizes=\"(max-width: 612px) 100vw, 612px\" srcset=\"data:image\/gif;base64,R0lGODlhAQABAIAAAAAAAP\/\/\/yH5BAEAAAAALAAAAAABAAEAAAIBRAA7\"\/><\/div>\n<div class=\"entry-content entry clearfix\" readability=\"54\">\n<p>Les priorit\u00e9s du budget de l\u2019Etat pour l\u2019exercice 2020 ont \u00e9t\u00e9 d\u00e9finies sur la base de la consolidation des acquis du <strong>Programme \u00e9conomique et financier (PEF)<\/strong> conclu avec le FMI ainsi que ceux des programmes conduits avec les autres partenaires techniques et financiers. Ces priorit\u00e9s ont \u00e9t\u00e9 adress\u00e9es aux membres du gouvernement\u00a0 dans une circulaire sign\u00e9e le 24 juillet 2019 par le chef de l\u2019Etat. Paul Biya a r\u00e9v\u00e9l\u00e9 que l\u2019\u00e9laboration du budget 2020 devra prendre en compte \u00abdes mesures propres \u00e0 favoriser la mise en \u0153uvre acc\u00e9l\u00e9r\u00e9e de la politique de l\u2019Etat en mati\u00e8re de d\u00e9centralisation\u00bb. Dans ces conditions, le rel\u00e8vement des ressources transf\u00e9r\u00e9es aux Collectivit\u00e9s territoriales d\u00e9centralis\u00e9s (CTD) devra se poursuivre afin de garantir l\u2019effectivit\u00e9 des comp\u00e9tences transf\u00e9r\u00e9es en application de la l\u00e9gislation en vigueur.<\/p>\n<p>Un accent particulier, apprend-on, devra \u00eatre mis sur le parach\u00e8vement du <strong>Plan d\u2019urgence triennal pour l\u2019acc\u00e9l\u00e9ration de la croissance (Planut) et du Plan triennal sp\u00e9cial Jeunes<\/strong>. Mais \u00e9galement \u00e0 l\u2019organisation du Championnat d\u2019Afrique des Nations (Chan) 2020 et de la Coupe d\u2019Afrique des nations (Can) 2021, et le soutient aux populations des r\u00e9gions affect\u00e9es par les crises s\u00e9curitaires.<\/p>\n<p>Par ailleurs, la pr\u00e9paration du budget de l\u2019Etat pour l\u2019exercice 2020 se d\u00e9roule dans un environnement international marqu\u00e9 par un ralentissement de l\u2019activit\u00e9 \u00e9conomique dans les pays avanc\u00e9s et une reprise fragile dans les pays \u00e9mergents et en d\u00e9veloppement.\u00a0 Au plan national, le contexte est marqu\u00e9 par la persistance des crises sociopolitiques et s\u00e9curitaire et la mise en \u0153uvre du PEF conclu avec le FMI. L\u2019Etat camerounais envisage que les\u00a0 perspective de croissance de l\u2019\u00e9conomie resteront positives (4,2% en 2019 et 4,5% en 2020). Le secteur des hydrocarbures devrait renouer avec la croissance gr\u00e2ce entre autres \u00e0 la mise en exploitation de nouveaux champs et la production de gaz. Le secteur non p\u00e9trolier devrait b\u00e9n\u00e9ficier d\u2019une reprise dans l\u2019agriculture industriel, l\u2019activit\u00e9 sylvicole ; de m\u00eame que la finalisation des travaux de construction\u00a0 li\u00e9s aux pr\u00e9paratifs de la Can2021 et la mise en service des chantiers routiers ou \u00e9nerg\u00e9tiques.<\/p>\n<div class=\"about-author about-author-box container-wrapper\">\n<div class=\"author-avatar\">\n<p><img decoding=\"async\" src=\"http:\/\/\" alt=\"\"\/><\/p>\n<\/div>\n<p><h4>La R\u00e9daction EcoMatin<\/h4>\n<\/p>\n<\/div>\n<div class=\"awac-wrapper awac widget blog_subscription-2\">\n<h4 class=\"widget-title\">Abonnez-vous \u00e0 notre lettre d&rsquo;information<\/h4>\n<\/div>\n<\/div>\n<div class=\"toggle-post-content clearfix\"><a id=\"toggle-post-button\" class=\"button\" href=\"#\">Afficher plus <\/a><\/div>\n<p>Auteur: EcoMatin<br \/>\n<a href=\"https:\/\/ecomatin.net\/decentralisation-deplaces-internes-can-2021-plan-triennal-jeunes-parmi-les-priorites-du-budget-2020\/\">Cliquez ici pour lire l&rsquo;article depuis sa source.<\/a><\/p>\n","protected":false},"excerpt":{"rendered":"<p>Les priorit\u00e9s du budget de l\u2019Etat pour l\u2019exercice 2020 ont \u00e9t\u00e9 d\u00e9finies sur la base de la consolidation des acquis du Programme \u00e9conomique et financier (PEF) conclu avec le FMI ainsi que ceux des programmes conduits avec les autres partenaires techniques et financiers. Ces priorit\u00e9s ont \u00e9t\u00e9 adress\u00e9es aux membres du gouvernement\u00a0 dans une circulaire [&hellip;]<\/p>\n","protected":false},"author":1969,"featured_media":0,"comment_status":"closed","ping_status":"closed","sticky":false,"template":"","format":"standard","meta":{"fifu_image_url":"","fifu_image_alt":"","footnotes":""},"categories":[82,78],"tags":[],"class_list":["post-48528","post","type-post","status-publish","format-standard","hentry","category-cameroun","category-economie"],"_links":{"self":[{"href":"https:\/\/linitiative.ca\/International\/wp-json\/wp\/v2\/posts\/48528","targetHints":{"allow":["GET"]}}],"collection":[{"href":"https:\/\/linitiative.ca\/International\/wp-json\/wp\/v2\/posts"}],"about":[{"href":"https:\/\/linitiative.ca\/International\/wp-json\/wp\/v2\/types\/post"}],"author":[{"embeddable":true,"href":"https:\/\/linitiative.ca\/International\/wp-json\/wp\/v2\/users\/1969"}],"replies":[{"embeddable":true,"href":"https:\/\/linitiative.ca\/International\/wp-json\/wp\/v2\/comments?post=48528"}],"version-history":[{"count":0,"href":"https:\/\/linitiative.ca\/International\/wp-json\/wp\/v2\/posts\/48528\/revisions"}],"wp:attachment":[{"href":"https:\/\/linitiative.ca\/International\/wp-json\/wp\/v2\/media?parent=48528"}],"wp:term":[{"taxonomy":"category","embeddable":true,"href":"https:\/\/linitiative.ca\/International\/wp-json\/wp\/v2\/categories?post=48528"},{"taxonomy":"post_tag","embeddable":true,"href":"https:\/\/linitiative.ca\/International\/wp-json\/wp\/v2\/tags?post=48528"}],"curies":[{"name":"wp","href":"https:\/\/api.w.org\/{rel}","templated":true}]}}