{"id":48530,"date":"2019-07-25T13:21:05","date_gmt":"2019-07-25T17:21:05","guid":{"rendered":"https:\/\/linitiative.ca\/International\/rachat-de-la-bicec-les-non-dits-de-la-visite-de-boris-joseph-dg-de-bpce-au-cameroun\/"},"modified":"2019-07-25T13:21:05","modified_gmt":"2019-07-25T17:21:05","slug":"rachat-de-la-bicec-les-non-dits-de-la-visite-de-boris-joseph-dg-de-bpce-au-cameroun","status":"publish","type":"post","link":"https:\/\/linitiative.ca\/International\/rachat-de-la-bicec-les-non-dits-de-la-visite-de-boris-joseph-dg-de-bpce-au-cameroun\/","title":{"rendered":"Rachat de la BICEC: les non-dits de la visite de Boris Joseph DG de BPCE au Cameroun"},"content":{"rendered":"<p>Re\u00e7u le 18 juillet dernier \u00e0 Yaound\u00e9 par le <strong>Ministre camerounais des Finances<\/strong> (Minfi), <strong>Louis Paul Motaze<\/strong>, <strong>Boris Joseph<\/strong>, Directeur g\u00e9n\u00e9ral (DG) du groupe fran\u00e7ais <strong>Banque populaire caisse d\u2019\u00e9pargne<\/strong> (BPCE), a indiqu\u00e9 \u00e0 la fin des \u00e9changes que le processus de cession de la <strong>Banque internationale du Cameroun pour l\u2019\u00e9pargne et le cr\u00e9dit<\/strong> (Bicec), filiale locale de BPCE, avan\u00e7ait \u00ab\u00a0<em>bien<\/em> \u00bb. \u00ab <em>Au niveau technique et administratif, les choses avancent bien, avec l\u2019aide des autorit\u00e9s camerounaises et r\u00e9gionales\u2026 Nous sommes tr\u00e8s heureux. Nous sommes dans le bon calendrier. Nous pensons que les choses vont aboutir dans les bonnes conditions\u2009<\/em>\u00bb, avait-il alors d\u00e9clar\u00e9.<\/p>\n<p>D\u2019apr\u00e8s nos sources, les choses ne semblent pas aussi faciles. L\u2019une des causes\u00a0: l\u2019Etat Camerounais exigerait un certain nombre de modalit\u00e9s parmi lesquelles l\u2019augmentation du Capital de la Bicec \u00e0 <strong>20 milliards de Fcfa<\/strong> contre <strong>12 milliards de Fcfa<\/strong> pr\u00e9c\u00e9demment, soit pr\u00e8s du double. Ceci afin que les priv\u00e9s Camerounais qui ne d\u00e9tiennent que quelques <strong>7% des actions de la Banque<\/strong>, \u00ab\u00a0<em>renforcent leur pr\u00e9sence<\/em>\u00a0\u00bb au sein de la 5\u00e8me banque du Cameroun et l\u2019une des plus anciennes (implant\u00e9e depuis 1962)<\/p>\n<p><span class=\"c2\">Par ailleurs, il reste encore \u00e0 \u00ab <em>s\u2019entendre avec les parties prenantes sur les conditions de stabilit\u00e9 du personnel de la banque, mais \u00e9galement sur l\u2019\u00e9panouissement dans leur travail de l\u2019ensemble des collaborateurs de cette grande banque<\/em> \u00bb indique notre source. En effet, l\u2019on se rappelle qu\u2019une pol\u00e9mique sur le paiement de primes de cession aux employ\u00e9s a r\u00e9cemment cr\u00e9\u00e9 un mouvement d\u2019humeur \u00e0 la Bicec. Des informations parvenues \u00e0 EcoMatin r\u00e9v\u00e9laient il y a quelques jours que le groupe marocain BCP rejetait justement les conclusions du dialogue \u00e0 la suite de ce mouvement, s\u2019appuyant sur l\u2019absence de dispositions l\u00e9gales le contraignant au paiement de ces primes de cession.<\/span><\/p>\n<p>En outre, la Bicec reste la seule filiale du groupe Bcpe encore en attente du visa de la <strong>Commission bancaire de l\u2019Afrique centrale<\/strong> (Cobac) pour son appropriation par le marocain BCP, les visas pour le rachat des 03 autres filiales du fran\u00e7ais pr\u00e9sentes \u00e0 Madagascar, au Congo et en Tunisie ont d\u00e9j\u00e0 \u00e9t\u00e9 obtenus. Notons aussi que la proc\u00e9dure judiciaire engag\u00e9e depuis octobre 2018 par les deux avocats camerounais (<strong>Michel Janvier Voukeng<\/strong> et <strong>Guy-Alain Tougoua<\/strong>) qui se sont oppos\u00e9s \u00e0 cette vente de la Bicec reste toujours pendante au tribunal de premi\u00e8re instance de Bonanjo, \u00e0 Douala. Autant de facteurs dont Boris Joseph aurait un peu omis de pr\u00e9ciser dans sa sortie du 18 juillet dernier.<\/p>\n<p>Si depuis lors, l\u2019on a tr\u00e8s peu d\u2019informations officielles pr\u00e9cises dans les diff\u00e9rentes proc\u00e9dures et tractations autour de la vente de la Bicec, rappelons tout de m\u00eame qu\u2019en septembre 2019, le processus n\u00e9goci\u00e9 par les banques fran\u00e7aises et marocaines aura dur\u00e9 un an.<\/p>\n<div class=\"awac-wrapper awac widget blog_subscription-2\">\n<h4 class=\"widget-title\">Abonnez-vous \u00e0 notre lettre d&rsquo;information<\/h4>\n<\/div>\n<p>Auteur: Emile FIDIECK<br \/>\n<a href=\"https:\/\/ecomatin.net\/rachat-de-la-bicec-les-non-dits-de-la-visite-de-boris-joseph-dg-de-bpce-au-cameroun\/\">Cliquez ici pour lire l&rsquo;article depuis sa source.<\/a><\/p>\n","protected":false},"excerpt":{"rendered":"<p>Re\u00e7u le 18 juillet dernier \u00e0 Yaound\u00e9 par le Ministre camerounais des Finances (Minfi), Louis Paul Motaze, Boris Joseph, Directeur g\u00e9n\u00e9ral (DG) du groupe fran\u00e7ais Banque populaire caisse d\u2019\u00e9pargne (BPCE), a indiqu\u00e9 \u00e0 la fin des \u00e9changes que le processus de cession de la Banque internationale du Cameroun pour l\u2019\u00e9pargne et le cr\u00e9dit (Bicec), filiale [&hellip;]<\/p>\n","protected":false},"author":1969,"featured_media":0,"comment_status":"closed","ping_status":"closed","sticky":false,"template":"","format":"standard","meta":{"fifu_image_url":"","fifu_image_alt":"","footnotes":""},"categories":[82,78],"tags":[],"class_list":["post-48530","post","type-post","status-publish","format-standard","hentry","category-cameroun","category-economie"],"_links":{"self":[{"href":"https:\/\/linitiative.ca\/International\/wp-json\/wp\/v2\/posts\/48530","targetHints":{"allow":["GET"]}}],"collection":[{"href":"https:\/\/linitiative.ca\/International\/wp-json\/wp\/v2\/posts"}],"about":[{"href":"https:\/\/linitiative.ca\/International\/wp-json\/wp\/v2\/types\/post"}],"author":[{"embeddable":true,"href":"https:\/\/linitiative.ca\/International\/wp-json\/wp\/v2\/users\/1969"}],"replies":[{"embeddable":true,"href":"https:\/\/linitiative.ca\/International\/wp-json\/wp\/v2\/comments?post=48530"}],"version-history":[{"count":0,"href":"https:\/\/linitiative.ca\/International\/wp-json\/wp\/v2\/posts\/48530\/revisions"}],"wp:attachment":[{"href":"https:\/\/linitiative.ca\/International\/wp-json\/wp\/v2\/media?parent=48530"}],"wp:term":[{"taxonomy":"category","embeddable":true,"href":"https:\/\/linitiative.ca\/International\/wp-json\/wp\/v2\/categories?post=48530"},{"taxonomy":"post_tag","embeddable":true,"href":"https:\/\/linitiative.ca\/International\/wp-json\/wp\/v2\/tags?post=48530"}],"curies":[{"name":"wp","href":"https:\/\/api.w.org\/{rel}","templated":true}]}}