{"id":48531,"date":"2019-07-25T17:50:01","date_gmt":"2019-07-25T21:50:01","guid":{"rendered":"https:\/\/linitiative.ca\/International\/algerie-le-pouvoir-nomme-six-personnalites-pour-mener-le-dialogue\/"},"modified":"2019-07-25T17:50:01","modified_gmt":"2019-07-25T21:50:01","slug":"algerie-le-pouvoir-nomme-six-personnalites-pour-mener-le-dialogue","status":"publish","type":"post","link":"https:\/\/linitiative.ca\/International\/algerie-le-pouvoir-nomme-six-personnalites-pour-mener-le-dialogue\/","title":{"rendered":"Alg\u00e9rie: le pouvoir nomme six personnalit\u00e9s pour mener le \u00ab\u00a0dialogue\u00a0\u00bb"},"content":{"rendered":"<div readability=\"32\">\n<p>Publi\u00e9 le 25.07.2019 \u00e0 22h50 par AFP<\/p>\n<\/div>\n<div readability=\"114\">\n<p>Six \u00ab\u00a0personnalit\u00e9s\u00a0\u00bb ont \u00e9t\u00e9 charg\u00e9es jeudi de mener le \u00ab\u00a0dialogue\u00a0\u00bb cens\u00e9 faire sortir l\u2019Alg\u00e9rie de plusieurs mois de crise politique, annonce la pr\u00e9sidence alg\u00e9rienne dans un communiqu\u00e9, une liste o\u00f9 n\u2019appara\u00eet aucune figure importante de la contestation.<\/p>\n<p>Sous les pressions conjugu\u00e9es d\u2019un mouvement de protestation in\u00e9dit d\u00e9clench\u00e9 le 22 f\u00e9vrier et de l\u2019arm\u00e9e, le pr\u00e9sident Abdelaziz Bouteflika a d\u00e9missionn\u00e9 le 2 avril apr\u00e8s 20 ans \u00e0 la t\u00eate du pays. Une pr\u00e9sidentielle pr\u00e9vue le 4 juillet pour \u00e9lire son successeur n\u2019a pu \u00eatre organis\u00e9e faute de candidats.<\/p>\n<p>Rejetant la revendication de la contestation qui r\u00e9clame avant tout scrutin le d\u00e9part du pouvoir de tous les anciens hauts responsables de la pr\u00e9sidence Bouteflika, le chef de l\u2019Etat par int\u00e9rim Abdelkader Bensalah \u2013 fid\u00e8le de la premi\u00e8re heure du pr\u00e9sident d\u00e9chu \u2013 a propos\u00e9 d\u00e9but juillet un \u00ab\u00a0dialogue\u00a0\u00bb devant fixer les modalit\u00e9s de l\u2019organisation rapide d\u2019une pr\u00e9sidentielle.<\/p>\n<p>Selon le communiqu\u00e9, publi\u00e9 par l\u2019agence officielle APS, M. Bensalah a re\u00e7u jeudi \u00e0 Alger \u00ab\u00a0les membres du Panel des personnalit\u00e9s, appel\u00e9 \u00e0 mener\u00a0\u00bb ce dialogue compos\u00e9 notamment de Karim Younes, ex-pr\u00e9sident de la Chambre basse et ancien ministre de M. Bouteflika, Fatiha Benabbou, professeure de droit public et Smail Lalmas, chef d\u2019entreprise.<\/p>\n<p>Y figurent \u00e9galement Bouzid Lazhari, professeur de droit public et ancien parlementaire de la Chambre haute, ainsi qu\u2019Abdelwahab Bendjelloul, syndicaliste de l\u2019enseignement et Azzedine Benaissa, universitaire.<\/p>\n<p>M. Bensalah, dont l\u2019int\u00e9rim a constitutionnellement pris fin le 9 juillet, avait propos\u00e9 \u00ab\u00a0un processus de dialogue (\u2026) conduit et men\u00e9 en toute libert\u00e9 et en toute transparence\u00a0\u00bb et sans la participation de l\u2019Etat ni de l\u2019arm\u00e9e.<\/p>\n<p>Il avait exclu que le dialogue aborde \u00ab\u00a0les exigences irr\u00e9alistes\u00a0\u00bb de la contestation, \u00ab\u00a0de nature (\u2026) \u00e0 entra\u00eener notre pays dans une situation de vide constitutionnel\u00a0\u00bb.<\/p>\n<p>Le dialogue \u00ab\u00a0portera sur tous les aspects\u00a0\u00bb li\u00e9s \u00e0 l\u2019organisation du scrutin pr\u00e9sidentiel \u00ab\u00a0dans une transparence totale et une r\u00e9gularit\u00e9 sans failles\u00a0\u00bb, rappelle la pr\u00e9sidence.<\/p>\n<p>Les partis et associations proches de la contestation \u2013 qui n\u2019est incarn\u00e9e par aucun leader \u2013 apparaissent d\u00e9sunis face \u00e0 cette nouvelle offre de dialogue du pouvoir.<\/p>\n<p>Ce dialogue est \u00ab\u00a0le seul moyen \u00e0 m\u00eame de garantir une issue pacifique \u00e0 la hauteur des aspirations des Alg\u00e9riens et Alg\u00e9riennes\u00a0\u00bb et son but est d\u2019organiser une \u00ab\u00a0pr\u00e9sidentielle libre et transparente dans les plus brefs d\u00e9lais\u00a0\u00bb, a expliqu\u00e9 au nom du Panel, M. Youn\u00e8s lisant une d\u00e9claration \u00e0 la t\u00e9l\u00e9vision.<\/p>\n<p>\u00ab\u00a0Nous insistons sur le fait que nous ne sommes pas des repr\u00e9sentants du +Hirak+ (mouvement de contestation) ni ses porte-parole\u00a0\u00bb, a-t-il ajout\u00e9.<\/p>\n<p>M. Younes a assur\u00e9 que le Panel avait r\u00e9clam\u00e9 des \u00ab\u00a0mesures d\u2019apaisement\u00a0\u00bb, parmi lesquelles \u00ab\u00a0la lib\u00e9ration de tous les d\u00e9tenus du +Hirak+\u00a0\u00bb, \u00ab\u00a0la lev\u00e9e de toutes les formes de pression sur les m\u00e9dias\u00a0\u00bb, et \u00ab\u00a0la garantie de toutes les conditions\u00a0\u00bb permettant aux Alg\u00e9riens de manifester pacifiquement.<\/p>\n<p>Selon le communiqu\u00e9 de la pr\u00e9sidence M. Bensalah a fait part de sa \u00ab\u00a0disponibilit\u00e9\u00a0\u00bb \u00e0 \u00ab\u00a0oeuvrer\u00a0\u00bb pour \u00ab\u00a0\u00e9tudier\u00a0\u00bb ou \u00ab\u00a0envisager\u00a0\u00bb les mesures r\u00e9clam\u00e9es.<\/p>\n<p>Il est notamment pr\u00eat \u00e0 \u00ab\u00a0inviter la justice \u00e0 examiner la possibilit\u00e9 d\u2019\u00e9largissement des personnes\u00a0\u00bb arr\u00eat\u00e9es dans les manifestations et \u00e0 \u00ab\u00a0envisager l\u2019all\u00e8gement du dispositif\u00a0\u00bb s\u00e9curitaire qui emp\u00eache notamment l\u2019acc\u00e8s \u00e0 Alger aux manifestants.<\/p>\n<p>Interrog\u00e9 par le site d\u2019information TSA (Tout sur l\u2019Alg\u00e9rie) Sma\u00efl Lalmas a assur\u00e9 que le chef de l\u2019Etat avait donn\u00e9 au Panel des \u00ab\u00a0garanties sur ces mesures d\u2019apaisement\u00a0\u00bb.<\/p>\n<\/div>\n<p>Auteur: AFP<br \/>\n<a href=\"https:\/\/www.journalducameroun.com\/algerie-le-pouvoir-nomme-six-personnalites-pour-mener-le-dialogue\/\">Cliquez ici pour lire l&rsquo;article depuis sa source.<\/a><\/p>\n","protected":false},"excerpt":{"rendered":"<p>Publi\u00e9 le 25.07.2019 \u00e0 22h50 par AFP Six \u00ab\u00a0personnalit\u00e9s\u00a0\u00bb ont \u00e9t\u00e9 charg\u00e9es jeudi de mener le \u00ab\u00a0dialogue\u00a0\u00bb cens\u00e9 faire sortir l\u2019Alg\u00e9rie de plusieurs mois de crise politique, annonce la pr\u00e9sidence alg\u00e9rienne dans un communiqu\u00e9, une liste o\u00f9 n\u2019appara\u00eet aucune figure importante de la contestation. Sous les pressions conjugu\u00e9es d\u2019un mouvement de protestation in\u00e9dit d\u00e9clench\u00e9 le [&hellip;]<\/p>\n","protected":false},"author":1965,"featured_media":0,"comment_status":"closed","ping_status":"closed","sticky":false,"template":"","format":"standard","meta":{"fifu_image_url":"","fifu_image_alt":"","footnotes":""},"categories":[73,82],"tags":[],"class_list":["post-48531","post","type-post","status-publish","format-standard","hentry","category-actualite","category-cameroun"],"_links":{"self":[{"href":"https:\/\/linitiative.ca\/International\/wp-json\/wp\/v2\/posts\/48531","targetHints":{"allow":["GET"]}}],"collection":[{"href":"https:\/\/linitiative.ca\/International\/wp-json\/wp\/v2\/posts"}],"about":[{"href":"https:\/\/linitiative.ca\/International\/wp-json\/wp\/v2\/types\/post"}],"author":[{"embeddable":true,"href":"https:\/\/linitiative.ca\/International\/wp-json\/wp\/v2\/users\/1965"}],"replies":[{"embeddable":true,"href":"https:\/\/linitiative.ca\/International\/wp-json\/wp\/v2\/comments?post=48531"}],"version-history":[{"count":0,"href":"https:\/\/linitiative.ca\/International\/wp-json\/wp\/v2\/posts\/48531\/revisions"}],"wp:attachment":[{"href":"https:\/\/linitiative.ca\/International\/wp-json\/wp\/v2\/media?parent=48531"}],"wp:term":[{"taxonomy":"category","embeddable":true,"href":"https:\/\/linitiative.ca\/International\/wp-json\/wp\/v2\/categories?post=48531"},{"taxonomy":"post_tag","embeddable":true,"href":"https:\/\/linitiative.ca\/International\/wp-json\/wp\/v2\/tags?post=48531"}],"curies":[{"name":"wp","href":"https:\/\/api.w.org\/{rel}","templated":true}]}}