{"id":48532,"date":"2019-07-25T18:18:03","date_gmt":"2019-07-25T22:18:03","guid":{"rendered":"https:\/\/linitiative.ca\/International\/deces-du-president-beji-essebsi-deuil-officiel-de-7-jours\/"},"modified":"2019-07-25T18:18:03","modified_gmt":"2019-07-25T22:18:03","slug":"deces-du-president-beji-essebsi-deuil-officiel-de-7-jours","status":"publish","type":"post","link":"https:\/\/linitiative.ca\/International\/deces-du-president-beji-essebsi-deuil-officiel-de-7-jours\/","title":{"rendered":"D\u00e9c\u00e8s du Pr\u00e9sident B\u00e9ji Essebsi : Deuil officiel de 7 jours"},"content":{"rendered":"<div readability=\"32\">\n<p>Publi\u00e9 le 25.07.2019 \u00e0 23h18 par APA News<\/p>\n<\/div>\n<div readability=\"70\">\n<p>Les autorit\u00e9s tunisiennes ont d\u00e9cr\u00e9t\u00e9 un deuil officiel de sept jours suite au d\u00e9c\u00e8s, jeudi \u00e0 l\u2019h\u00f4pital militaire de Tunis, du pr\u00e9sident B\u00e9ji Ca\u00efd Essebsi \u00e0 l\u2019\u00e2ge de 93 ans.Le drapeau tunisien sera mis \u00e9galement en berne pendant la m\u00eame p\u00e9riode sur l\u2019ensemble du territoire tunisien en signe de deuil suite au d\u00e9c\u00e8s du chef de l\u2019Etat tunisien, a pr\u00e9cis\u00e9 un communiqu\u00e9 du gouvernement tunisien.<\/p>\n<p>Le chef du gouvernement, Youssef Chahed, a appel\u00e9 \u00e0 cette occasion le peuple tunisien \u00e0 l\u2019unit\u00e9 nationale au service de l\u2019int\u00e9r\u00eat supr\u00eame du pays ainsi qu\u2019au respect des dispositions de la Constitution et \u00e0 la coh\u00e9sion autour des instances constitutionnelles.<\/p>\n<p>Dans un post sur sa page facebook, Chahed a rendu hommage \u00e0 feu B\u00e9ji Ca\u00efd Essebsi, soulignant que la Tunisie \u00ab a perdu un v\u00e9ritable nationaliste, un militant et un homme d\u2019Etat qui s\u2019est consacr\u00e9 \u00e0 l\u2019action nationale \u00bb.<\/p>\n<p>Son r\u00f4le a \u00e9t\u00e9 capital dans la r\u00e9ussite du processus d\u00e9mocratique, a-t-il rappel\u00e9.<\/p>\n<p>\u00ab J\u2019ai eu l\u2019honneur de travailler avec lui en cette phase d\u00e9licate de l\u2019histoire de notre pays et j\u2019ai eu connaissance, de pr\u00e8s, de sa d\u00e9termination \u00e0 faire pr\u00e9valoir l\u2019int\u00e9r\u00eat de la Tunisie \u00bb, a-t-il affirm\u00e9.<\/p>\n<p>Le pr\u00e9sident de l\u2019Assembl\u00e9e des Repr\u00e9sentants du peuple (ARP\/parlement tunisien) a pr\u00eat\u00e9 serment pour assurer l\u2019int\u00e9rim de la pr\u00e9sidence.<\/p>\n<p>Le pr\u00e9sident tunisien B\u00e9ji Ca\u00efd Essebsi est d\u00e9c\u00e9d\u00e9 ce jeudi \u00e0 l\u2019\u00e2ge de 92 ans. Quatri\u00e8me pr\u00e9sident de la R\u00e9publique tunisienne, B\u00e9ji Caid Essebsi a \u00e9t\u00e9 investi \u00e0 la magistrature supr\u00eame de son pays le 31 d\u00e9cembre 2014 devenant ainsi le premier pr\u00e9sident \u00e9lu au suffrage universel de l\u2019histoire de la Tunisie.<\/p>\n<\/div>\n<p>Auteur: APA News<br \/>\n<a href=\"https:\/\/www.journalducameroun.com\/deces-du-president-beji-essebsi-deuil-officiel-de-7-jours\/\">Cliquez ici pour lire l&rsquo;article depuis sa source.<\/a><\/p>\n","protected":false},"excerpt":{"rendered":"<p>Publi\u00e9 le 25.07.2019 \u00e0 23h18 par APA News Les autorit\u00e9s tunisiennes ont d\u00e9cr\u00e9t\u00e9 un deuil officiel de sept jours suite au d\u00e9c\u00e8s, jeudi \u00e0 l\u2019h\u00f4pital militaire de Tunis, du pr\u00e9sident B\u00e9ji Ca\u00efd Essebsi \u00e0 l\u2019\u00e2ge de 93 ans.Le drapeau tunisien sera mis \u00e9galement en berne pendant la m\u00eame p\u00e9riode sur l\u2019ensemble du territoire tunisien en [&hellip;]<\/p>\n","protected":false},"author":1965,"featured_media":0,"comment_status":"closed","ping_status":"closed","sticky":false,"template":"","format":"standard","meta":{"fifu_image_url":"","fifu_image_alt":"","footnotes":""},"categories":[73,82],"tags":[],"class_list":["post-48532","post","type-post","status-publish","format-standard","hentry","category-actualite","category-cameroun"],"_links":{"self":[{"href":"https:\/\/linitiative.ca\/International\/wp-json\/wp\/v2\/posts\/48532","targetHints":{"allow":["GET"]}}],"collection":[{"href":"https:\/\/linitiative.ca\/International\/wp-json\/wp\/v2\/posts"}],"about":[{"href":"https:\/\/linitiative.ca\/International\/wp-json\/wp\/v2\/types\/post"}],"author":[{"embeddable":true,"href":"https:\/\/linitiative.ca\/International\/wp-json\/wp\/v2\/users\/1965"}],"replies":[{"embeddable":true,"href":"https:\/\/linitiative.ca\/International\/wp-json\/wp\/v2\/comments?post=48532"}],"version-history":[{"count":0,"href":"https:\/\/linitiative.ca\/International\/wp-json\/wp\/v2\/posts\/48532\/revisions"}],"wp:attachment":[{"href":"https:\/\/linitiative.ca\/International\/wp-json\/wp\/v2\/media?parent=48532"}],"wp:term":[{"taxonomy":"category","embeddable":true,"href":"https:\/\/linitiative.ca\/International\/wp-json\/wp\/v2\/categories?post=48532"},{"taxonomy":"post_tag","embeddable":true,"href":"https:\/\/linitiative.ca\/International\/wp-json\/wp\/v2\/tags?post=48532"}],"curies":[{"name":"wp","href":"https:\/\/api.w.org\/{rel}","templated":true}]}}