{"id":48533,"date":"2019-07-25T18:18:05","date_gmt":"2019-07-25T22:18:05","guid":{"rendered":"https:\/\/linitiative.ca\/International\/cote-divoire-la-television-numerique-couvre-25-de-la-population-ministre\/"},"modified":"2019-07-25T18:18:05","modified_gmt":"2019-07-25T22:18:05","slug":"cote-divoire-la-television-numerique-couvre-25-de-la-population-ministre","status":"publish","type":"post","link":"https:\/\/linitiative.ca\/International\/cote-divoire-la-television-numerique-couvre-25-de-la-population-ministre\/","title":{"rendered":"C\u00f4te d\u2019Ivoire: la  t\u00e9l\u00e9vision num\u00e9rique couvre 25% de la population (Ministre)"},"content":{"rendered":"<div readability=\"32\">\n<p>Publi\u00e9 le 25.07.2019 \u00e0 23h18 par APA News<\/p>\n<\/div>\n<div readability=\"60\">\n<p>Le taux de couverture de la T\u00e9l\u00e9vision num\u00e9rique terrestre (TNT) est de 25% \u00e0 ce jour en C\u00f4te d\u2019Ivoire sur un objectif vis\u00e9 de 100% en juin 2020, a indiqu\u00e9 jeudi \u00e0 Abidjan, Sidi Ti\u00e9moko Tour\u00e9, le ministre ivoirien de la communication et des m\u00e9dias.Il s\u2019exprimait dans une conf\u00e9rence de presse d\u00e9nomm\u00e9e les \u00ab Rendez-vous du gouvernement \u00bb sur \u00a0le th\u00e8me, \u00ab Communication et m\u00e9dias en C\u00f4te d\u2019Ivoire : enjeux et perspectives \u00bb.<\/p>\n<p>\u00ab A ce jour, la TNT couvre 25% de la population nationale. D\u2019ici le 17 juin 2020, nous allons couvrir 100% du territoire\u2026 Les op\u00e9rateurs retenus pour le d\u00e9ploiement de la TNT rendront leurs signaux disponibles d\u2019ici la fin de l\u2019ann\u00e9e\u00bb, a annonc\u00e9 M. Tour\u00e9 qui est \u00e9galement le porte-parole du gouvernement ivoirien.<\/p>\n<p>La TNT a \u00e9t\u00e9 officiellement lanc\u00e9e \u00e0 Abidjan le 08 f\u00e9vrier dernier par Amadou Gon Coulibaly, le premier ministre et chef du gouvernement ivoirien. Dans le pays, les autorit\u00e9s \u00a0ont pr\u00e9vu de couper le signal de la t\u00e9l\u00e9vision analogique le 17 juin 2020 pour faire place \u00e0 la t\u00e9l\u00e9vision num\u00e9rique terrestre (TNT).<\/p>\n<p>Pour atteindre cet objectif, le gouvernement ivoirien a plafonn\u00e9 le prix des \u00e9quipements de r\u00e9ception de la TNT. Ainsi le prix plafond du d\u00e9codeur MPEG-4, DVB-T 2 est fix\u00e9 \u00e0 10.000 FCFA et le prix plafond de l\u2019antenne UHF fix\u00e9 \u00e0 6000 FCFA.<\/p>\n<\/div>\n<p>Auteur: APA News<br \/>\n<a href=\"https:\/\/www.journalducameroun.com\/cote-divoire-la-television-numerique-couvre-25-de-la-population-ministre\/\">Cliquez ici pour lire l&rsquo;article depuis sa source.<\/a><\/p>\n","protected":false},"excerpt":{"rendered":"<p>Publi\u00e9 le 25.07.2019 \u00e0 23h18 par APA News Le taux de couverture de la T\u00e9l\u00e9vision num\u00e9rique terrestre (TNT) est de 25% \u00e0 ce jour en C\u00f4te d\u2019Ivoire sur un objectif vis\u00e9 de 100% en juin 2020, a indiqu\u00e9 jeudi \u00e0 Abidjan, Sidi Ti\u00e9moko Tour\u00e9, le ministre ivoirien de la communication et des m\u00e9dias.Il s\u2019exprimait dans [&hellip;]<\/p>\n","protected":false},"author":1965,"featured_media":0,"comment_status":"closed","ping_status":"closed","sticky":false,"template":"","format":"standard","meta":{"fifu_image_url":"","fifu_image_alt":"","footnotes":""},"categories":[73,82],"tags":[],"class_list":["post-48533","post","type-post","status-publish","format-standard","hentry","category-actualite","category-cameroun"],"_links":{"self":[{"href":"https:\/\/linitiative.ca\/International\/wp-json\/wp\/v2\/posts\/48533","targetHints":{"allow":["GET"]}}],"collection":[{"href":"https:\/\/linitiative.ca\/International\/wp-json\/wp\/v2\/posts"}],"about":[{"href":"https:\/\/linitiative.ca\/International\/wp-json\/wp\/v2\/types\/post"}],"author":[{"embeddable":true,"href":"https:\/\/linitiative.ca\/International\/wp-json\/wp\/v2\/users\/1965"}],"replies":[{"embeddable":true,"href":"https:\/\/linitiative.ca\/International\/wp-json\/wp\/v2\/comments?post=48533"}],"version-history":[{"count":0,"href":"https:\/\/linitiative.ca\/International\/wp-json\/wp\/v2\/posts\/48533\/revisions"}],"wp:attachment":[{"href":"https:\/\/linitiative.ca\/International\/wp-json\/wp\/v2\/media?parent=48533"}],"wp:term":[{"taxonomy":"category","embeddable":true,"href":"https:\/\/linitiative.ca\/International\/wp-json\/wp\/v2\/categories?post=48533"},{"taxonomy":"post_tag","embeddable":true,"href":"https:\/\/linitiative.ca\/International\/wp-json\/wp\/v2\/tags?post=48533"}],"curies":[{"name":"wp","href":"https:\/\/api.w.org\/{rel}","templated":true}]}}