{"id":48535,"date":"2019-07-25T17:36:55","date_gmt":"2019-07-25T21:36:55","guid":{"rendered":"https:\/\/linitiative.ca\/International\/deces-de-bce-le-premier-ministre-canadien-se-dit-de-tout-coeur-avec-les-tunisiens\/"},"modified":"2019-07-25T17:36:55","modified_gmt":"2019-07-25T21:36:55","slug":"deces-de-bce-le-premier-ministre-canadien-se-dit-de-tout-coeur-avec-les-tunisiens","status":"publish","type":"post","link":"https:\/\/linitiative.ca\/International\/deces-de-bce-le-premier-ministre-canadien-se-dit-de-tout-coeur-avec-les-tunisiens\/","title":{"rendered":"D\u00e9c\u00e8s de BCE\u00a0: Le premier ministre canadien se dit de tout c\u0153ur avec les tunisiens"},"content":{"rendered":"<div class=\"post-cont-in left relative\">\n<div class=\"swp_social_panel swp_horizontal_panel swp_flat_fresh swp_default_full_color swp_individual_full_color swp_other_full_color scale-100 scale-\" data-min-width=\"1100\" data-float-color=\"#ffffff\" data-float=\"none\" data-float-mobile=\"none\" data-transition=\"slide\">\n<div class=\"nc_tweetContainer swp_share_button total_shares total_sharesalt\"><span class=\"swp_count\">85 <span class=\"swp_label\">Partages<\/span><\/span><\/div>\n<\/div>\n<p>Le premier ministre canadien, Justin Trudeau a r\u00e9agi ce jeudi, suite au d\u00e9c\u00e8s du pr\u00e9sident B\u00e9ji Ca\u00efed Essebsi, en faisant la d\u00e9claration suivante\u00a0:<\/p>\n<p>\u00ab\u00a0Le Canada est de tout c\u0153ur avec les Tunisiens au moment o\u00f9 ils pleurent la perte de leur pr\u00e9sident, B\u00e9ji Ca\u00efd Essebsi.<\/p>\n<div class=\"code-block code-block-1 c5\"><ins class=\"adsbygoogle c4\" data-ad-layout=\"in-article\" data-ad-format=\"fluid\" data-ad-client=\"ca-pub-2102118777505746\" data-ad-slot=\"7301775417\"\/> <\/div>\n<p>\u00ab\u00a0Le pr\u00e9sident Essebsi a \u00e9t\u00e9 le premier pr\u00e9sident tunisien \u00e9lu par ses concitoyens, ayant jou\u00e9 un r\u00f4le cl\u00e9 dans la transition d\u00e9mocratique du pays. Depuis 2011, la Tunisie a r\u00e9alis\u00e9 des r\u00e9formes politiques et \u00e9conomiques importantes. Le Canada continuera de travailler avec le gouvernement tunisien pour promouvoir la d\u00e9mocratie, la paix et la s\u00e9curit\u00e9, les droits de la personne et l\u2019\u00e9galit\u00e9 des sexes.<\/p>\n<p>\u00ab\u00a0Au nom du gouvernement du Canada, j\u2019offre mes plus sinc\u00e8res condol\u00e9ances \u00e0 la famille et aux amis du pr\u00e9sident Essebsi ainsi qu\u2019aux Tunisiens et \u00e0 leur gouvernement.\u00a0\u00bb<\/p>\n<div class=\"mvp-org-wrap mvp-org-logo\" itemprop=\"publisher\" itemscope=\"\" itemtype=\"https:\/\/schema.org\/Organization\"><img decoding=\"async\" src=\"https:\/\/www.tunisienumerique.com\/wp-content\/uploads\/2017\/02\/logo_tunisie_numerique.png\"\/><\/div>\n<div class=\"swp_social_panel swp_horizontal_panel swp_flat_fresh swp_default_full_color swp_individual_full_color swp_other_full_color scale-100 scale-\" data-min-width=\"1100\" data-float-color=\"#ffffff\" data-float=\"none\" data-float-mobile=\"none\" data-transition=\"slide\">\n<div class=\"nc_tweetContainer swp_share_button total_shares total_sharesalt\"><span class=\"swp_count\">85 <span class=\"swp_label\">Partages<\/span><\/span><\/div>\n<\/div>\n<div class=\"mvp-related-posts left relative\">\n<h4 class=\"post-header\"><span class=\"post-header\">Lire aussi<\/span><\/h4>\n<\/div>\n<\/div>\n<p>Auteur: LM<br \/>\n<a href=\"https:\/\/www.tunisienumerique.com\/deces-de-bce-le-premier-ministre-canadien-se-dit-de-tout-coeur-avec-les-tunisiens\/\">Cliquez ici pour lire l&rsquo;article depuis sa source.<\/a><\/p>\n","protected":false},"excerpt":{"rendered":"<p>85 Partages Le premier ministre canadien, Justin Trudeau a r\u00e9agi ce jeudi, suite au d\u00e9c\u00e8s du pr\u00e9sident B\u00e9ji Ca\u00efed Essebsi, en faisant la d\u00e9claration suivante\u00a0: \u00ab\u00a0Le Canada est de tout c\u0153ur avec les Tunisiens au moment o\u00f9 ils pleurent la perte de leur pr\u00e9sident, B\u00e9ji Ca\u00efd Essebsi. \u00ab\u00a0Le pr\u00e9sident Essebsi a \u00e9t\u00e9 le premier pr\u00e9sident [&hellip;]<\/p>\n","protected":false},"author":1789,"featured_media":48537,"comment_status":"closed","ping_status":"closed","sticky":false,"template":"","format":"standard","meta":{"fifu_image_url":"","fifu_image_alt":"","footnotes":""},"categories":[73,55],"tags":[],"class_list":["post-48535","post","type-post","status-publish","format-standard","has-post-thumbnail","hentry","category-actualite","category-tunisie"],"_links":{"self":[{"href":"https:\/\/linitiative.ca\/International\/wp-json\/wp\/v2\/posts\/48535","targetHints":{"allow":["GET"]}}],"collection":[{"href":"https:\/\/linitiative.ca\/International\/wp-json\/wp\/v2\/posts"}],"about":[{"href":"https:\/\/linitiative.ca\/International\/wp-json\/wp\/v2\/types\/post"}],"author":[{"embeddable":true,"href":"https:\/\/linitiative.ca\/International\/wp-json\/wp\/v2\/users\/1789"}],"replies":[{"embeddable":true,"href":"https:\/\/linitiative.ca\/International\/wp-json\/wp\/v2\/comments?post=48535"}],"version-history":[{"count":0,"href":"https:\/\/linitiative.ca\/International\/wp-json\/wp\/v2\/posts\/48535\/revisions"}],"wp:featuredmedia":[{"embeddable":true,"href":"https:\/\/linitiative.ca\/International\/wp-json\/"}],"wp:attachment":[{"href":"https:\/\/linitiative.ca\/International\/wp-json\/wp\/v2\/media?parent=48535"}],"wp:term":[{"taxonomy":"category","embeddable":true,"href":"https:\/\/linitiative.ca\/International\/wp-json\/wp\/v2\/categories?post=48535"},{"taxonomy":"post_tag","embeddable":true,"href":"https:\/\/linitiative.ca\/International\/wp-json\/wp\/v2\/tags?post=48535"}],"curies":[{"name":"wp","href":"https:\/\/api.w.org\/{rel}","templated":true}]}}