{"id":48538,"date":"2019-07-25T18:50:02","date_gmt":"2019-07-25T22:50:02","guid":{"rendered":"https:\/\/linitiative.ca\/International\/gambie-lex-president-jammeh-accuse-davoir-fait-decouper-en-morceaux-deux-americano-zambiens\/"},"modified":"2019-07-25T18:50:02","modified_gmt":"2019-07-25T22:50:02","slug":"gambie-lex-president-jammeh-accuse-davoir-fait-decouper-en-morceaux-deux-americano-zambiens","status":"publish","type":"post","link":"https:\/\/linitiative.ca\/International\/gambie-lex-president-jammeh-accuse-davoir-fait-decouper-en-morceaux-deux-americano-zambiens\/","title":{"rendered":"Gambie : l\u2019ex-pr\u00e9sident Jammeh accus\u00e9 d\u2019avoir fait \u00ab\u00a0d\u00e9couper en morceaux\u00a0\u00bb deux Am\u00e9ricano-zambiens"},"content":{"rendered":"<div readability=\"32\">\n<p>Publi\u00e9 le 25.07.2019 \u00e0 23h50 par AFP<\/p>\n<\/div>\n<div readability=\"129\">\n<p>D\u2019anciens membres des \u00ab\u00a0junglers\u00a0\u00bb, consid\u00e9r\u00e9s comme l\u2019\u00e9quivalent des Escadrons de la mort en Gambie, ont accus\u00e9 jeudi l\u2019ex-pr\u00e9sident Yahya Jammeh d\u2019avoir ordonn\u00e9 le meurtre de deux Am\u00e9ricano-zambiens en 2013, apr\u00e8s avoir avou\u00e9 ceux d\u2019un c\u00e9l\u00e8bre journaliste et de dizaines de migrants plus t\u00f4t dans la semaine.<\/p>\n<p>Depuis lundi, les habitants de ce petit pays anglophone d\u2019Afrique de l\u2019Ouest pratiquement enclav\u00e9 dans le S\u00e9n\u00e9gal, suivent en direct et sont tenus en haleine par les auditions de trois ex-junglers, Malick Jatta, Omar Jallow et Amadou Badjie, devant la Commission v\u00e9rit\u00e9 et r\u00e9conciliation (TRRC).<\/p>\n<p>Lors de la derni\u00e8re journ\u00e9e d\u2019interrogatoires de la semaine devant la TRRC, qui reprendra ses travaux le 5 ao\u00fbt, le sergent-chef Amadou Badjie a affirm\u00e9 que le chef de l\u2019Etat leur avait ordonn\u00e9 en juin 2013 de \u00ab\u00a0d\u00e9couper en morceaux\u00a0\u00bb Alhajie Ceesay et Ebou Jobe, deux hommes d\u2019affaires am\u00e9ricano-gambiens qu\u2019il soup\u00e7onnait de pr\u00e9parer un coup d\u2019Etat.<\/p>\n<p>Les deux hommes ont \u00e9t\u00e9 arr\u00eat\u00e9s et conduits \u00e0 la r\u00e9sidence du pr\u00e9sident, dans son village de Kanilai, puis emmen\u00e9s au fond de son immense jardin o\u00f9 ils ont \u00e9t\u00e9 \u00e9touff\u00e9s puis d\u00e9capit\u00e9s et enterr\u00e9s, selon Amadou Badjie, qui a particip\u00e9 \u00e0 l\u2019op\u00e9ration. \u00ab\u00a0Nous \u00e9tions l\u2019\u00e9quipe de choc de Yahya Jammeh, nous avions une confiance aveugle en lui\u00a0\u00bb, a-t-il expliqu\u00e9.<\/p>\n<p>Arriv\u00e9 au pouvoir par un putsch sans effusion de sang en juillet 1994 dans ce petit pays anglophone d\u2019Afrique de l\u2019Ouest, Yahya Jammeh s\u2019\u00e9tait fait \u00e9lire en 1996 puis r\u00e9\u00e9lire sans interruption jusqu\u2019\u00e0 sa d\u00e9faite en d\u00e9cembre 2016 face \u00e0 l\u2019opposant Adama Barrow.<\/p>\n<p>Les d\u00e9fenseurs des droits de l\u2019Homme accusent son r\u00e9gime de tortures syst\u00e9matiques d\u2019opposants et de journalistes, d\u2019ex\u00e9cutions extra-judiciaires, de d\u00e9tentions arbitraires, de disparitions forc\u00e9es et de viols.<\/p>\n<p>Apr\u00e8s six semaines d\u2019une crise \u00e0 rebondissements, Yahya Jammeh a finalement d\u00fb quitter son pays en janvier 2017 \u00e0 la suite d\u2019une intervention militaire et diplomatique r\u00e9gionale.<\/p>\n<p>Adama Barrow avait indiqu\u00e9 d\u00e9but 2018 qu\u2019il attendrait la fin des travaux de la TRRC pour se prononcer sur une \u00e9ventuelle demande d\u2019extradition de son pr\u00e9d\u00e9cesseur.<\/p>\n<p>Le sergent-chef Amadou Badjie a aussi affirm\u00e9 que l\u2019ex-chef d\u2019\u00e9tat-major Ndure Cham, auteur d\u2019un putsch manqu\u00e9 en 2006 selon l\u2019ex-r\u00e9gime et r\u00e9put\u00e9 en fuite au S\u00e9n\u00e9gal, avait \u00e9t\u00e9 \u00e9touff\u00e9 par des soldats et lui aussi enterr\u00e9 dans le village de Kanalai.<\/p>\n<p>Yahya Jammeh avait \u00e9t\u00e9 accus\u00e9 lundi par ses ex-hommes de main d\u2019avoir commandit\u00e9 le meurtre en 2004 du journaliste Deyda Hydara, cofondateur d\u2019un journal priv\u00e9 et correspondant de l\u2019AFP.<\/p>\n<p>Ils l\u2019ont ensuite accus\u00e9 mardi d\u2019avoir fait tuer en 2005 une cinquantaine de migrants originaires d\u2019Afrique de l\u2019Ouest, dont une majorit\u00e9 de Ghan\u00e9ens, arr\u00eat\u00e9s sur une plage de Gambie alors qu\u2019ils tentaient de se rendre en Europe et pris pour des putschistes. Le pr\u00e9sident a aussi fait tuer la m\u00eame ann\u00e9e un membre de sa famille, Haruna Jammeh, selon les anciens junglers.<\/p>\n<p>Dans un communiqu\u00e9, l\u2019ambassade am\u00e9ricaine a \u00ab\u00a0salu\u00e9\u00a0\u00bb ces r\u00e9v\u00e9lations, estimant qu\u2019elles permettrait de \u00ab\u00a0relancer les investigations\u00a0\u00bb sur la mort des ressortissants am\u00e9ricains.<\/p>\n<p>\u00ab\u00a0Ce n\u2019\u00e9tait pas facile \u00e0 \u00e9couter, mais cela montre que nous sommes sur la bonne voie et que la justice est en train d\u2019arriver\u00a0\u00bb, a comment\u00e9 Baba Hydara, le fils de Deyda Hydara, cit\u00e9 par Human Rights Watch.<\/p>\n<p>\u00ab\u00a0Qui va encore nier que c\u2019est lui le responsable des disparitions myst\u00e9rieuses, dont l\u2019enl\u00e8vement et le meurtre de cinquante Ouest-Africains\u00a0\u00bb, a r\u00e9agi jeudi un chauffeur de taxi de Banjul, Musa Manjang. \u00ab\u00a0Je suis choqu\u00e9e, je regrette d\u2019avoir vot\u00e9 pour lui\u00a0\u00bb, a abond\u00e9 une marchande de la capitale, Mariama Manga.<\/p>\n<\/div>\n<p>Auteur: AFP<br \/>\n<a href=\"https:\/\/www.journalducameroun.com\/gambie-lex-president-jammeh-accuse-davoir-fait-decouper-en-morceaux-deux-americano-zambiens\/\">Cliquez ici pour lire l&rsquo;article depuis sa source.<\/a><\/p>\n","protected":false},"excerpt":{"rendered":"<p>Publi\u00e9 le 25.07.2019 \u00e0 23h50 par AFP D\u2019anciens membres des \u00ab\u00a0junglers\u00a0\u00bb, consid\u00e9r\u00e9s comme l\u2019\u00e9quivalent des Escadrons de la mort en Gambie, ont accus\u00e9 jeudi l\u2019ex-pr\u00e9sident Yahya Jammeh d\u2019avoir ordonn\u00e9 le meurtre de deux Am\u00e9ricano-zambiens en 2013, apr\u00e8s avoir avou\u00e9 ceux d\u2019un c\u00e9l\u00e8bre journaliste et de dizaines de migrants plus t\u00f4t dans la semaine. Depuis lundi, [&hellip;]<\/p>\n","protected":false},"author":1965,"featured_media":0,"comment_status":"closed","ping_status":"closed","sticky":false,"template":"","format":"standard","meta":{"fifu_image_url":"","fifu_image_alt":"","footnotes":""},"categories":[73,82],"tags":[],"class_list":["post-48538","post","type-post","status-publish","format-standard","hentry","category-actualite","category-cameroun"],"_links":{"self":[{"href":"https:\/\/linitiative.ca\/International\/wp-json\/wp\/v2\/posts\/48538","targetHints":{"allow":["GET"]}}],"collection":[{"href":"https:\/\/linitiative.ca\/International\/wp-json\/wp\/v2\/posts"}],"about":[{"href":"https:\/\/linitiative.ca\/International\/wp-json\/wp\/v2\/types\/post"}],"author":[{"embeddable":true,"href":"https:\/\/linitiative.ca\/International\/wp-json\/wp\/v2\/users\/1965"}],"replies":[{"embeddable":true,"href":"https:\/\/linitiative.ca\/International\/wp-json\/wp\/v2\/comments?post=48538"}],"version-history":[{"count":0,"href":"https:\/\/linitiative.ca\/International\/wp-json\/wp\/v2\/posts\/48538\/revisions"}],"wp:attachment":[{"href":"https:\/\/linitiative.ca\/International\/wp-json\/wp\/v2\/media?parent=48538"}],"wp:term":[{"taxonomy":"category","embeddable":true,"href":"https:\/\/linitiative.ca\/International\/wp-json\/wp\/v2\/categories?post=48538"},{"taxonomy":"post_tag","embeddable":true,"href":"https:\/\/linitiative.ca\/International\/wp-json\/wp\/v2\/tags?post=48538"}],"curies":[{"name":"wp","href":"https:\/\/api.w.org\/{rel}","templated":true}]}}