{"id":48539,"date":"2019-07-25T19:16:13","date_gmt":"2019-07-25T23:16:13","guid":{"rendered":"https:\/\/linitiative.ca\/International\/24-07-2014-ah5017-si-nous-le-pouvions\/"},"modified":"2019-07-25T19:16:13","modified_gmt":"2019-07-25T23:16:13","slug":"24-07-2014-ah5017-si-nous-le-pouvions","status":"publish","type":"post","link":"https:\/\/linitiative.ca\/International\/24-07-2014-ah5017-si-nous-le-pouvions\/","title":{"rendered":"24\/07\/2014\/AH5017\u00a0: si nous le pouvions \u2026"},"content":{"rendered":"<p>Il y a des douleurs qui se partagent comme on l\u00e8gue un h\u00e9ritage<br \/>Il y a des malheurs qui suscitent la rage, on ne tourne pas la page<br \/>Il y a des larmes qui br\u00fblent les visages et consument les c\u0153urs<br \/>Il y a des drames qui traversent les \u00e2ges avec les m\u00eames ranc\u0153urs<\/p>\n<p>La souffrance de l\u2019absence tranche le c\u0153ur de l\u2019existence<br \/>L\u2019incompr\u00e9hension du destin fait pleurer les \u00e2mes en transe<br \/>La vie est une \u00e9toile filante qui s\u2019\u00e9crase loin des regards<br \/>La mort est un sort jet\u00e9 en plein vol sur des otages du hasard<\/p>\n<p>Il y a des drames qui crament la foi des sans-voix sans voie<br \/>Il y a des trames pleines d\u2019effroi qui tutoient les \u00e2mes aux abois<br \/>A quoi sert la vie si elle fait fi de nos envies et nous inflige le d\u00e9pit\u00a0?<br \/>A quoi bon vivre avec sursis si le Ciel ravit l\u2019essentiel de nos vies\u00a0?<\/p>\n<p>Ils sont partis, sans repartie ni contrepartie comme des martyrs<br \/>Ils sont partis, comme des fakirs, sans soupir, ils ont subi le pire<br \/>Au fond de nous, la nuit s\u2019est abattue \u00e0 jamais sur nos d\u00e9bris intimes<br \/>Au fond de nos abymes, le clash du crash cache le sort de nos victimes<\/p>\n<p>Malgr\u00e9 nos larmes qui coulent, relevons le p\u00e8re sans rep\u00e8re qui croule sans cercueil, seul<br \/>Malgr\u00e9 nos forces qui faiblissent, soutenons la m\u00e8re am\u00e8re qui s\u2019\u00e9croule sans linceul, veule<br \/>Malgr\u00e9 tout, aidons-les \u00e0 tenir le coup, \u00e0 rester debout et \u00e0 supporter le poids du deuil<br \/>Malgr\u00e9 tout, portons-les dans nos pri\u00e8res qui montent sans joie, mais avec une foi sans \u00e9cueil<\/p>\n<p>A tous ceux qui regardent encore les cieux \u00e0 la recherche du v\u0153u pieux report\u00e9<br \/>A tous ceux qui refusent d\u2019accepter le refuge lointain des proches emport\u00e9s<br \/>Je verse une larme, sans arme, ma plume s\u2019alarme pour toutes ces familles en lambeaux<br \/>Je souffre du gouffre, j\u2019ai peur du vide qui \u00e9vide, je me meurs du silence qui dure, sans tombeau<\/p>\n<p>A vous qui \u00e9tiez dans l\u2019avion, si nous l\u2019avion su, si nous l\u2019avions vu, et si nous le pouvions<br \/>Vous aviez le sourire, vous n\u2019avez pas pu d\u00e9vier le pire, notre amour fleurira sur les alluvions<br \/>A vous qui avez pris ce vol sans jamais atterrir, nous ne pourrons jamais gu\u00e9rir de votre absence<br \/>Vous vous \u00eates endormis loin de nos insomnies et de nos \u00e2mes d\u00e9munies, dormez, dormez en silence\u00a0!<\/p>\n<p>Hommage aux victimes. Courage aux intimes. Ne pleurez plus\u00a0!<\/p>\n<p>Cl\u00e9ment ZONGO<br \/>clmentzongo@yahoo.fr<\/p>\n<div class=\"td-a-rec td-a-rec-id-content_bottom td_uid_30_5d3a48aba1d40_rand td_block_template_1\"><img loading=\"lazy\" decoding=\"async\" class=\"aligncenter size-full wp-image-9623\" src=\"https:\/\/www.sidwaya.info\/wp-content\/uploads\/2019\/06\/Projet-bannie%CC%80re-Orange-mobile.jpg\" alt=\"\" width=\"728\" height=\"81\"\/><\/div>\n<p>Auteur: BM. Sidwaya<br \/>\n<a href=\"https:\/\/www.sidwaya.info\/blog\/2019\/07\/25\/24-07-2014-ah5017-si-nous-le-pouvions\/\">Cliquez ici pour lire l&rsquo;article depuis sa source.<\/a><\/p>\n","protected":false},"excerpt":{"rendered":"<p>Il y a des douleurs qui se partagent comme on l\u00e8gue un h\u00e9ritageIl y a des malheurs qui suscitent la rage, on ne tourne pas la pageIl y a des larmes qui br\u00fblent les visages et consument les c\u0153ursIl y a des drames qui traversent les \u00e2ges avec les m\u00eames ranc\u0153urs La souffrance de l\u2019absence [&hellip;]<\/p>\n","protected":false},"author":1816,"featured_media":48541,"comment_status":"closed","ping_status":"closed","sticky":false,"template":"","format":"standard","meta":{"fifu_image_url":"","fifu_image_alt":"","footnotes":""},"categories":[73,81],"tags":[],"class_list":["post-48539","post","type-post","status-publish","format-standard","has-post-thumbnail","hentry","category-actualite","category-burkina-faso"],"_links":{"self":[{"href":"https:\/\/linitiative.ca\/International\/wp-json\/wp\/v2\/posts\/48539","targetHints":{"allow":["GET"]}}],"collection":[{"href":"https:\/\/linitiative.ca\/International\/wp-json\/wp\/v2\/posts"}],"about":[{"href":"https:\/\/linitiative.ca\/International\/wp-json\/wp\/v2\/types\/post"}],"author":[{"embeddable":true,"href":"https:\/\/linitiative.ca\/International\/wp-json\/wp\/v2\/users\/1816"}],"replies":[{"embeddable":true,"href":"https:\/\/linitiative.ca\/International\/wp-json\/wp\/v2\/comments?post=48539"}],"version-history":[{"count":0,"href":"https:\/\/linitiative.ca\/International\/wp-json\/wp\/v2\/posts\/48539\/revisions"}],"wp:featuredmedia":[{"embeddable":true,"href":"https:\/\/linitiative.ca\/International\/wp-json\/"}],"wp:attachment":[{"href":"https:\/\/linitiative.ca\/International\/wp-json\/wp\/v2\/media?parent=48539"}],"wp:term":[{"taxonomy":"category","embeddable":true,"href":"https:\/\/linitiative.ca\/International\/wp-json\/wp\/v2\/categories?post=48539"},{"taxonomy":"post_tag","embeddable":true,"href":"https:\/\/linitiative.ca\/International\/wp-json\/wp\/v2\/tags?post=48539"}],"curies":[{"name":"wp","href":"https:\/\/api.w.org\/{rel}","templated":true}]}}