{"id":48540,"date":"2019-07-25T15:19:19","date_gmt":"2019-07-25T19:19:19","guid":{"rendered":"https:\/\/linitiative.ca\/International\/cloture-du-13e-festival-national-de-la-culture-amazighe\/"},"modified":"2019-07-25T15:19:19","modified_gmt":"2019-07-25T19:19:19","slug":"cloture-du-13e-festival-national-de-la-culture-amazighe","status":"publish","type":"post","link":"https:\/\/linitiative.ca\/International\/cloture-du-13e-festival-national-de-la-culture-amazighe\/","title":{"rendered":"Cl\u00f4ture du 13\u00e8 Festival national de la culture amazighe"},"content":{"rendered":"<div readability=\"36\">\n<p>La 13\u00e8me \u00e9dition du Festival national de la culture amazighe, organis\u00e9e par l\u2019association Adrar Guercif, a pris fin mercredi soir apr\u00e8s trois jours de spectacles et d\u2019activit\u00e9s culturelles ayant anim\u00e9 la ville de Guercif.<\/p>\n<\/div>\n<div readability=\"93\">\n<p>Tenu sous le th\u00e8me \u00abL\u2019amazighe, une culture en faveur des valeurs de la vie\u00bb, en partenariat avec l\u2019Institut royal de la culture amazighe (IRCAM) et avec le soutien notamment du minist\u00e8re de la Culture et de la Communication, cet \u00e9v\u00e8nement vise \u00e0 faire connaitre la culture et l\u2019art amazighes, soutenir et encourager les artistes et musiciens et promouvoir la cr\u00e9ation artistique.<\/p>\n<p>Cette \u00e9dition a \u00e9t\u00e9 marqu\u00e9e par l\u2019organisation du concours pour l\u2019obtention du Prix national de la culture amazighe dans la cat\u00e9gorie de la danse collective (Ahidous n\u2019Rif) au titre de l\u2019ann\u00e9e 2018. Ce prix sera d\u00e9cern\u00e9 par l\u2019IRCAM en c\u00e9l\u00e9bration de l\u2019anniversaire du discours royal d\u2019Ajdir.<\/p>\n<p>Une vingtaine de troupes artistiques ont particip\u00e9 \u00e0 ce concours, repr\u00e9sentant des arts populaires comme l\u2019Ahidous Ait Ouraine, Reggada, Allaoui, Mengouchi et Nhari et qui sont venues de Taza, Guercif, Taourirt, Nador, Driouch, Al-Hoceima, Berkane, Oujda, Jerada, Ain Beni Mathar, Missour, Outat El Haj, Tindit et Figuig.<\/p>\n<p>Dans une d\u00e9claration \u00e0 la MAP, Nadia Boudra, professeur-chercheur dans la culture amazighe du Rif, a salu\u00e9 le succ\u00e8s de l\u2019organisation de ce concours, soulignant l\u2019importance du Prix national de la culture amazighe en tant qu\u2019initiative qui r\u00e9compense et rend hommage aux efforts de promotion de la culture amazighe.<\/p>\n<p>Elle a \u00e9galement mis en exergue la richesse et la diversit\u00e9 du patrimoine culturel et artistique de la province de Guercif, notant que les tribus de cette r\u00e9gion sont connues pour leur volont\u00e9 de perp\u00e9tuer la tradition de diff\u00e9rentes danses collectives qui ont \u00e9t\u00e9 mises en avant lors de cette \u00e9dition.<\/p>\n<p>Le spectacle de cl\u00f4ture de ce festival a connu la participation des groupes Abidat Rma (Khouribga), Ahidous Ithran (Tahla), Thirli Band (Nador) et de l\u2019artiste El Aidi (Azrou), en plus de groupes et po\u00e8tes locaux.<\/p>\n<p>Le programme de cette \u00e9dition a \u00e9galement comport\u00e9 un colloque sur le th\u00e8me de cette \u00e9dition, une exposition des produits de terroir et une exposition de livres et d\u2019art plastique, en plus de spectacles de musique et de danse amazighes.<\/p>\n<\/div>\n<p>Auteur: Soufiane ELAHMAR<br \/>\n<a href=\"http:\/\/www.mapoujda.ma\/fr\/cloture-du-13e-festival-national-de-la-culture-amazighe\/\">Cliquez ici pour lire l&rsquo;article depuis sa source.<\/a><\/p>\n","protected":false},"excerpt":{"rendered":"<p>La 13\u00e8me \u00e9dition du Festival national de la culture amazighe, organis\u00e9e par l\u2019association Adrar Guercif, a pris fin mercredi soir apr\u00e8s trois jours de spectacles et d\u2019activit\u00e9s culturelles ayant anim\u00e9 la ville de Guercif. Tenu sous le th\u00e8me \u00abL\u2019amazighe, une culture en faveur des valeurs de la vie\u00bb, en partenariat avec l\u2019Institut royal de la [&hellip;]<\/p>\n","protected":false},"author":1788,"featured_media":0,"comment_status":"closed","ping_status":"closed","sticky":false,"template":"","format":"standard","meta":{"fifu_image_url":"","fifu_image_alt":"","footnotes":""},"categories":[54,76],"tags":[],"class_list":["post-48540","post","type-post","status-publish","format-standard","hentry","category-maroc","category-regions"],"_links":{"self":[{"href":"https:\/\/linitiative.ca\/International\/wp-json\/wp\/v2\/posts\/48540","targetHints":{"allow":["GET"]}}],"collection":[{"href":"https:\/\/linitiative.ca\/International\/wp-json\/wp\/v2\/posts"}],"about":[{"href":"https:\/\/linitiative.ca\/International\/wp-json\/wp\/v2\/types\/post"}],"author":[{"embeddable":true,"href":"https:\/\/linitiative.ca\/International\/wp-json\/wp\/v2\/users\/1788"}],"replies":[{"embeddable":true,"href":"https:\/\/linitiative.ca\/International\/wp-json\/wp\/v2\/comments?post=48540"}],"version-history":[{"count":0,"href":"https:\/\/linitiative.ca\/International\/wp-json\/wp\/v2\/posts\/48540\/revisions"}],"wp:attachment":[{"href":"https:\/\/linitiative.ca\/International\/wp-json\/wp\/v2\/media?parent=48540"}],"wp:term":[{"taxonomy":"category","embeddable":true,"href":"https:\/\/linitiative.ca\/International\/wp-json\/wp\/v2\/categories?post=48540"},{"taxonomy":"post_tag","embeddable":true,"href":"https:\/\/linitiative.ca\/International\/wp-json\/wp\/v2\/tags?post=48540"}],"curies":[{"name":"wp","href":"https:\/\/api.w.org\/{rel}","templated":true}]}}