{"id":48542,"date":"2019-07-25T17:49:53","date_gmt":"2019-07-25T21:49:53","guid":{"rendered":"https:\/\/linitiative.ca\/International\/deces-de-bce-video-lassemblee-generale-des-nation-unies-observe-une-minute-de-silence\/"},"modified":"2019-07-25T17:49:53","modified_gmt":"2019-07-25T21:49:53","slug":"deces-de-bce-video-lassemblee-generale-des-nation-unies-observe-une-minute-de-silence","status":"publish","type":"post","link":"https:\/\/linitiative.ca\/International\/deces-de-bce-video-lassemblee-generale-des-nation-unies-observe-une-minute-de-silence\/","title":{"rendered":"D\u00e9c\u00e8s de BCE\u00a0: VIDEO\u00a0: L\u2019assembl\u00e9e g\u00e9n\u00e9rale des Nation Unies observe une minute de silence"},"content":{"rendered":"<div class=\"post-cont-in left relative\">\n<div class=\"swp_social_panel swp_horizontal_panel swp_flat_fresh swp_default_full_color swp_individual_full_color swp_other_full_color scale-100 scale-\" data-min-width=\"1100\" data-float-color=\"#ffffff\" data-float=\"none\" data-float-mobile=\"none\" data-transition=\"slide\">\n<div class=\"nc_tweetContainer swp_share_button total_shares total_sharesalt\"><span class=\"swp_count\">232 <span class=\"swp_label\">Partages<\/span><\/span><\/div>\n<\/div>\n<p>Les repr\u00e9sentants des pays aux Nations Unies ont observ\u00e9, ce jeudi, lors de l\u2019assembl\u00e9e g\u00e9n\u00e9rale de l\u2019ONU, une minute de silence en hommage au pr\u00e9sident tunisien d\u00e9c\u00e9d\u00e9, B\u00e9ji Ca\u00efed Essebsi.<br \/><iframe loading=\"lazy\" class=\"c4\" src=\"https:\/\/www.facebook.com\/plugins\/video.php?href=https%3A%2F%2Fwww.facebook.com%2FTunisieDiplo%2Fvideos%2F386839535302646%2F&#038;show_text=0&#038;width=261\" width=\"261\" height=\"476\" frameborder=\"0\" scrolling=\"no\" allowfullscreen=\"allowfullscreen\">[embedded content]<\/iframe><\/p>\n<div class=\"mvp-org-wrap mvp-org-logo\" itemprop=\"publisher\" itemscope=\"\" itemtype=\"https:\/\/schema.org\/Organization\"><img decoding=\"async\" src=\"https:\/\/www.tunisienumerique.com\/wp-content\/uploads\/2017\/02\/logo_tunisie_numerique.png\"\/><\/div>\n<div class=\"swp_social_panel swp_horizontal_panel swp_flat_fresh swp_default_full_color swp_individual_full_color swp_other_full_color scale-100 scale-\" data-min-width=\"1100\" data-float-color=\"#ffffff\" data-float=\"none\" data-float-mobile=\"none\" data-transition=\"slide\">\n<div class=\"nc_tweetContainer swp_share_button total_shares total_sharesalt\"><span class=\"swp_count\">232 <span class=\"swp_label\">Partages<\/span><\/span><\/div>\n<\/div>\n<div class=\"mvp-related-posts left relative\">\n<h4 class=\"post-header\"><span class=\"post-header\">Lire aussi<\/span><\/h4>\n<\/div>\n<\/div>\n<p>Auteur: LM<br \/>\n<a href=\"https:\/\/www.tunisienumerique.com\/deces-de-bce-video-lassemblee-generale-des-nation-unies-observe-une-minute-de-silence\/\">Cliquez ici pour lire l&rsquo;article depuis sa source.<\/a><\/p>\n","protected":false},"excerpt":{"rendered":"<p>232 Partages Les repr\u00e9sentants des pays aux Nations Unies ont observ\u00e9, ce jeudi, lors de l\u2019assembl\u00e9e g\u00e9n\u00e9rale de l\u2019ONU, une minute de silence en hommage au pr\u00e9sident tunisien d\u00e9c\u00e9d\u00e9, B\u00e9ji Ca\u00efed Essebsi.[embedded content] 232 Partages Lire aussi Auteur: LM Cliquez ici pour lire l&rsquo;article depuis sa source.<\/p>\n","protected":false},"author":1789,"featured_media":48545,"comment_status":"closed","ping_status":"closed","sticky":false,"template":"","format":"standard","meta":{"fifu_image_url":"","fifu_image_alt":"","footnotes":""},"categories":[73,55],"tags":[],"class_list":["post-48542","post","type-post","status-publish","format-standard","has-post-thumbnail","hentry","category-actualite","category-tunisie"],"_links":{"self":[{"href":"https:\/\/linitiative.ca\/International\/wp-json\/wp\/v2\/posts\/48542","targetHints":{"allow":["GET"]}}],"collection":[{"href":"https:\/\/linitiative.ca\/International\/wp-json\/wp\/v2\/posts"}],"about":[{"href":"https:\/\/linitiative.ca\/International\/wp-json\/wp\/v2\/types\/post"}],"author":[{"embeddable":true,"href":"https:\/\/linitiative.ca\/International\/wp-json\/wp\/v2\/users\/1789"}],"replies":[{"embeddable":true,"href":"https:\/\/linitiative.ca\/International\/wp-json\/wp\/v2\/comments?post=48542"}],"version-history":[{"count":0,"href":"https:\/\/linitiative.ca\/International\/wp-json\/wp\/v2\/posts\/48542\/revisions"}],"wp:featuredmedia":[{"embeddable":true,"href":"https:\/\/linitiative.ca\/International\/wp-json\/"}],"wp:attachment":[{"href":"https:\/\/linitiative.ca\/International\/wp-json\/wp\/v2\/media?parent=48542"}],"wp:term":[{"taxonomy":"category","embeddable":true,"href":"https:\/\/linitiative.ca\/International\/wp-json\/wp\/v2\/categories?post=48542"},{"taxonomy":"post_tag","embeddable":true,"href":"https:\/\/linitiative.ca\/International\/wp-json\/wp\/v2\/tags?post=48542"}],"curies":[{"name":"wp","href":"https:\/\/api.w.org\/{rel}","templated":true}]}}