{"id":48543,"date":"2019-07-25T17:55:38","date_gmt":"2019-07-25T21:55:38","guid":{"rendered":"https:\/\/linitiative.ca\/International\/la-promotion-de-lemploi-des-jeunes-en-milieu-rural-en-debat\/"},"modified":"2019-07-25T17:55:38","modified_gmt":"2019-07-25T21:55:38","slug":"la-promotion-de-lemploi-des-jeunes-en-milieu-rural-en-debat","status":"publish","type":"post","link":"https:\/\/linitiative.ca\/International\/la-promotion-de-lemploi-des-jeunes-en-milieu-rural-en-debat\/","title":{"rendered":"La promotion de l\u2019emploi des jeunes en milieu rural en d\u00e9bat"},"content":{"rendered":"<div readability=\"38\">\n<p>La promotion de l\u2019employabilit\u00e9 des jeunes en milieu rural est le th\u00e8me central d\u2019une rencontre organis\u00e9e, jeudi au Douar Ouled Yahya relevant de la commune de Rislane dans la province de Berkane, par l\u2019Association \u00ab\u00a0Maison familiale rurale Beni Snassen\u00a0\u00bb, une structure au service de la formation professionnelle agricole et du d\u00e9veloppement du territoire.<\/p>\n<\/div>\n<div readability=\"110\">\n<p>Intervenant \u00e0 cette occasion, le secr\u00e9taire g\u00e9n\u00e9ral du minist\u00e8re de l\u2019Agriculture, de la p\u00eache maritime, du d\u00e9veloppement rural et des eaux et for\u00eats, Mohamed Sadiki, a expliqu\u00e9 que cette rencontre s\u2019inscrit dans le sillage du processus d\u2019appui aux initiatives individuelles et collectives d\u2019auto-emploi en milieu rural.<\/p>\n<p>Il a salu\u00e9 dans ce sens les efforts louables d\u00e9ploy\u00e9s par les diff\u00e9rentes parties concern\u00e9es dans la droite ligne des orientations \u00e9clair\u00e9es de SM le Roi Mohammed VI au sujet de la n\u00e9cessit\u00e9 de mettre \u00e0 profit les acquis du d\u00e9veloppement agricole et rural afin d\u2019en faire un v\u00e9ritable pourvoyeur d\u2019emplois productifs et durables.<\/p>\n<p>L\u2019objectif \u00e9tant d\u2019am\u00e9liorer les conditions de vie et d\u2019\u00e9tablissement en milieu rural et de favoriser l\u2019\u00e9mergence d\u2019une classe moyenne agricole qui servira de levier de d\u00e9veloppement socio-\u00e9conomique local, a-t-il poursuivi.<\/p>\n<p>La rencontre a \u00e9t\u00e9 rehauss\u00e9e par le lancement d\u2019un programme de formation ciblant le d\u00e9veloppement des fili\u00e8res agricoles dans les montagnes de Beni Snassen (province de Berkane) au titre de l\u2019ann\u00e9e 2019-2020 et qui profitera aux jeunes de cette r\u00e9gion et ce, dans le cadre d\u2019une approche participative et une prise en compte du genre via l\u2019int\u00e9gration des femmes rurales et des jeunes dans ce projet \u00e9ducatif prometteur.<\/p>\n<p>Selon M. Sadiki, les cinq axes de formation retenus dans ce programme, \u00e0 savoir les arbres fruitiers, les viandes rouges et caprins, l\u2019apiculture, les plantes aromatiques et m\u00e9dicinale et le tourisme de montagne, refl\u00e8tent une prise de conscience de ses initiateurs des sp\u00e9cificit\u00e9s de la r\u00e9gion et des besoins du march\u00e9 de travail.<\/p>\n<p>Cette initiative pionni\u00e8re fait partie des efforts et actions engag\u00e9s pour le d\u00e9veloppement du monde rural au niveau national, a-t-il encore ajout\u00e9, mettant l\u2019accent dans ce sens sur les solutions offertes aux jeunes du milieu rural, notamment ceux en difficult\u00e9 d\u2019int\u00e9gration professionnelle, par le billet de programmes de formation et de transfert de comp\u00e9tences techniques et manag\u00e9riales afin de favoriser leur int\u00e9gration dans le march\u00e9 du travail et dans leur environnement socio-\u00e9conomique.<\/p>\n<p>Quelque 250 jeunes (hommes et femmes) relevant de dix collectivit\u00e9s territoriales de la province de Berkane vont b\u00e9n\u00e9ficier de cette exp\u00e9rience et de cette formation qui touchent diff\u00e9rentes sp\u00e9cialit\u00e9s, dans le but de faciliter leur acc\u00e8s au march\u00e9 du travail \u00e0 travers la cr\u00e9ation d\u2019entreprises et coop\u00e9ratives agricoles, ou encore en leur permettant de poursuivre leurs \u00e9tudes dans des sp\u00e9cialit\u00e9s pointues, a fait remarquer le responsable du minist\u00e8re de l\u2019Agriculture.<\/p>\n<p>Le pr\u00e9sident de l\u2019Association \u00ab\u00a0Maison familiale rurale Beni Snassen\u00a0\u00bb, Mohamed Kadiri, a indiqu\u00e9, quant \u00e0 lui, que l\u2019association, active en milieu rural depuis 2010, donne une deuxi\u00e8me chance aux jeunes de 15 \u00e0 35 ans qui ont quitt\u00e9 les bancs de l\u2019\u00e9cole avant d\u2019obtenir un dipl\u00f4me en leur dispensant des formations dans des m\u00e9tiers li\u00e9s notamment \u00e0 l\u2019agriculture.<\/p>\n<p>\u00ab\u00a0Notre objectif est d\u2019assurer la formation th\u00e9orique et pratique, la qualification et l\u2019accompagnement de ces jeunes pour qu\u2019ils puissent monter leurs propres projets, am\u00e9liorer leur revenu et leur condition de vie, et contribuer au d\u00e9veloppement local\u00a0\u00bb, a-t-il fait savoir dans une d\u00e9claration \u00e0 la MAP, notant que plusieurs partenaires publics et priv\u00e9s participent \u00e0 la concr\u00e9tisation de cet objectif.<\/p>\n<p>A l\u2019issue de cette rencontre, il a \u00e9t\u00e9 proc\u00e9d\u00e9 \u00e0 la signature d\u2019une convention de partenariat et \u00e0 la remise de dipl\u00f4mes aux nouveaux laur\u00e9ats qui ont hautement salu\u00e9 cette initiative de l\u2019Association et son impact sur leur int\u00e9gration socio-\u00e9conomique.<\/p>\n<\/div>\n<p>Auteur: Soufiane ELAHMAR<br \/>\n<a href=\"http:\/\/www.mapoujda.ma\/fr\/la-promotion-de-lemploi-des-jeunes-en-milieu-rural-en-debat\/\">Cliquez ici pour lire l&rsquo;article depuis sa source.<\/a><\/p>\n","protected":false},"excerpt":{"rendered":"<p>La promotion de l\u2019employabilit\u00e9 des jeunes en milieu rural est le th\u00e8me central d\u2019une rencontre organis\u00e9e, jeudi au Douar Ouled Yahya relevant de la commune de Rislane dans la province de Berkane, par l\u2019Association \u00ab\u00a0Maison familiale rurale Beni Snassen\u00a0\u00bb, une structure au service de la formation professionnelle agricole et du d\u00e9veloppement du territoire. Intervenant \u00e0 [&hellip;]<\/p>\n","protected":false},"author":1788,"featured_media":0,"comment_status":"closed","ping_status":"closed","sticky":false,"template":"","format":"standard","meta":{"fifu_image_url":"","fifu_image_alt":"","footnotes":""},"categories":[54,76],"tags":[],"class_list":["post-48543","post","type-post","status-publish","format-standard","hentry","category-maroc","category-regions"],"_links":{"self":[{"href":"https:\/\/linitiative.ca\/International\/wp-json\/wp\/v2\/posts\/48543","targetHints":{"allow":["GET"]}}],"collection":[{"href":"https:\/\/linitiative.ca\/International\/wp-json\/wp\/v2\/posts"}],"about":[{"href":"https:\/\/linitiative.ca\/International\/wp-json\/wp\/v2\/types\/post"}],"author":[{"embeddable":true,"href":"https:\/\/linitiative.ca\/International\/wp-json\/wp\/v2\/users\/1788"}],"replies":[{"embeddable":true,"href":"https:\/\/linitiative.ca\/International\/wp-json\/wp\/v2\/comments?post=48543"}],"version-history":[{"count":0,"href":"https:\/\/linitiative.ca\/International\/wp-json\/wp\/v2\/posts\/48543\/revisions"}],"wp:attachment":[{"href":"https:\/\/linitiative.ca\/International\/wp-json\/wp\/v2\/media?parent=48543"}],"wp:term":[{"taxonomy":"category","embeddable":true,"href":"https:\/\/linitiative.ca\/International\/wp-json\/wp\/v2\/categories?post=48543"},{"taxonomy":"post_tag","embeddable":true,"href":"https:\/\/linitiative.ca\/International\/wp-json\/wp\/v2\/tags?post=48543"}],"curies":[{"name":"wp","href":"https:\/\/api.w.org\/{rel}","templated":true}]}}