{"id":48546,"date":"2019-07-25T19:20:30","date_gmt":"2019-07-25T23:20:30","guid":{"rendered":"https:\/\/linitiative.ca\/International\/promotion-de-leconomie-numerique\/"},"modified":"2019-07-25T19:20:30","modified_gmt":"2019-07-25T23:20:30","slug":"promotion-de-leconomie-numerique","status":"publish","type":"post","link":"https:\/\/linitiative.ca\/International\/promotion-de-leconomie-numerique\/","title":{"rendered":"Promotion de l\u2019\u00e9conomie num\u00e9rique"},"content":{"rendered":"<div class=\"td-post-featured-image\"><a href=\"https:\/\/i1.wp.com\/www.sidwaya.info\/wp-content\/uploads\/2019\/07\/web026.gif?fit=787%2C525&#038;ssl=1\" data-caption=\"\"><img loading=\"lazy\" decoding=\"async\" width=\"696\" height=\"464\" class=\"entry-thumb td-modal-image\" src=\"https:\/\/i1.wp.com\/www.sidwaya.info\/wp-content\/uploads\/2019\/07\/web026.gif?resize=696%2C464&#038;ssl=1\" alt=\"\" title=\"web026\"\/><\/a><\/div>\n<p><strong>Le nouveau site web de la Chambre de commerce et d\u2019industrie du Burkina Faso et trois portails internet d\u00e9di\u00e9s aux centres de sant\u00e9, aux \u00e9tablissements d\u2019enseignement et aux prestataires de service ont \u00e9t\u00e9 mis en service officiellement, le mercredi 24 juillet 2019 \u00e0 Ouagadougou. La c\u00e9r\u00e9monie a \u00e9t\u00e9 coparrain\u00e9e par les ministres en charge de l\u2019\u00e9conomie num\u00e9rique, Hadja Sanon\/Ouattara et du commerce, Harouna Kabor\u00e9.<\/strong><\/p>\n<p>La Chambre de commerce et d\u2019industrie du Burkina Faso (CCI-BF) est engag\u00e9e dans la promotion de l\u2019\u00e9conomie num\u00e9rique. Elle l\u2019a d\u00e9montr\u00e9e, \u00e0 travers le lancement de trois portails \u00e9lectroniques pour la promotion du secteur des services, le 24 juillet 2019 et de son nouveau site web. Le clic officiel a \u00e9t\u00e9 fait par la ministre du D\u00e9veloppement de l\u2019Economie num\u00e9rique et des Postes, Hadja Sanon\/Ouattara et son homologue du Commerce, de l\u2019iIndustrie et de l\u2019Artisanat Harouna Kabor\u00e9. Le premier portail est d\u00e9di\u00e9 aux centres de sant\u00e9 priv\u00e9; le 2e aux \u00e9tablissements d\u2019enseignement priv\u00e9 et le 3e aux prestataires de services divers, notamment les bureaux d\u2019\u00e9tudes, les g\u00e9om\u00e8tres architectes et cabinets d\u2019expertise comptable. Pour le premier vice-pr\u00e9sident de la CCI-BF Mamady Sanoh, apr\u00e8s l\u2019exp\u00e9rience r\u00e9ussie de la plateforme d\u00e9di\u00e9e \u00e0 la promotion de l\u2019entreprenariat f\u00e9minin lanc\u00e9e lors du 70e anniversaire de l\u2019institution, il est apparu n\u00e9cessaire de franchir un nouveau cap. \u00abLe secteur des services qui repr\u00e9sente 12% du bassins des entreprises r\u00e9pertori\u00e9es joue un r\u00f4le important dans le processus de d\u00e9veloppement \u00e9conomique. En amont et en aval de la production, les services permettent d\u2019atteindre des r\u00e9sultats efficients dans l\u2019offre des biens et des prestations\u00bb, a-t-il expliqu\u00e9.<br \/>Le directeur de l\u2019informatique et de l\u2019\u00e9conomie num\u00e9rique de la CCI-BF, a d\u00e9clar\u00e9 que les portails sont accessibles \u00e0 partir du site www.cci.bf ou en tapant directement www.cci-sant\u00e9.bf, www.cci-enseignement.bf ou encore www.cci-services.bf<br \/>Pr\u00e9sentant les avantages de ces portails, Mamady Sanoh a confi\u00e9 qu\u2019ils permettent d\u2019am\u00e9liorer la visibilit\u00e9 des entreprises des secteurs cibl\u00e9s. Une conviction partag\u00e9e par le repr\u00e9sentant des b\u00e9n\u00e9ficiaires, Issa Compaor\u00e9. \u00abCes portails viennent combler un grand vide. Avant leur mise en place, nous rencontrions d\u2019\u00e9normes difficult\u00e9s pour acc\u00e9der \u00e0 la gamme des prestations offertes par les entreprises du secteur des services et les possibilit\u00e9s pour les identifier et les localiser \u00e9taient minces\u00bb, a-t-il pr\u00e9cis\u00e9. Pour lui, ces plateformes sont d\u2019un grand int\u00e9r\u00eat pour l\u2019encadrement des acteurs par les institutions et services charg\u00e9s de leur accompagnement. Elles permettront \u00e9galement d\u2019accro\u00eetre la performance et le rendement des prestataires des services.<\/p>\n<p>Plusieurs innovations<\/p>\n<p>Le directeur de l\u2019informatique et de l\u2019\u00e9conomie num\u00e9rique de la CCI-BF, Elie Sawadogo, a expliqu\u00e9 que les plateformes de e-services ont \u00e9t\u00e9 d\u00e9velopp\u00e9s sur la base de socle commun et vont rendre accessibles un certain nombre d\u2019informations, \u00e0 savoir l\u2019actualit\u00e9, l\u2019agenda des activit\u00e9s de chaque secteur ainsi que des informations utiles sur chaque entreprise r\u00e9pertori\u00e9e. \u00abMais l\u00e0 o\u00f9 ces plateformes sont encore plus int\u00e9ressantes est qu\u2019il y a des interfaces qui permettront aux diff\u00e9rents b\u00e9n\u00e9ficiaires de renseigner des informations qui seront visibles par l\u2019internaute. De mani\u00e8re concr\u00e8te, pour chaque portail, il sera possible de faire des recherches group\u00e9es ou cibl\u00e9es. L\u2019internaute peut ainsi trouver par exemples tous les centres de sant\u00e9 dans un rayon donn\u00e9, les sp\u00e9cialit\u00e9s de chaque centre ou encore d\u00e9finir un trajet pour se rendre dans celui qu\u2019il aura choisi en introduisant sa localisation\u00bb, s\u2019est-il enthousiasm\u00e9.<br \/>M. Sawadogo a aussi affirm\u00e9 que le site de la CCI-BF est plus a\u00e9r\u00e9 et mentionne plus d\u2019informations notamment sur le d\u00e9ploiement de l\u2019institution dans les r\u00e9gions, les potentialit\u00e9s de chaque r\u00e9gion. Pour lui la rubrique \u00abL\u2019\u00e9lu consulaire de la semaine\u00bb va susciter une saine \u00e9mulation et donner des rep\u00e8res aux plus jeunes entrepreneurs. A travers le nouveau site, nous avons aussi la pr\u00e9tention de permettre aux utilisateurs de v\u00e9rifier si une entreprise existe r\u00e9ellement au Burkina Faso.<br \/>La ministre en charge de l\u2019\u00e9conomie num\u00e9rique a f\u00e9licit\u00e9 le bureau consulaire pour ces outils de promotion de l\u2019\u00e9conomie num\u00e9rique. \u00abJe vous invite \u00e0 sauter un autre pas en digitalisant la livraison. La poste est le partenaire qu\u2019il vous faut et elle est d\u00e9j\u00e0 pr\u00eate\u00bb, a-t-elle d\u00e9clar\u00e9.<\/p>\n<p>Nad\u00e8ge YE<br \/>Nicole SORGHO<br \/>(Stagiaire)<\/p>\n<div class=\"td-a-rec td-a-rec-id-content_bottom td_uid_30_5d3a48afa5204_rand td_block_template_1\"><img loading=\"lazy\" decoding=\"async\" class=\"aligncenter size-full wp-image-9623\" src=\"https:\/\/www.sidwaya.info\/wp-content\/uploads\/2019\/06\/Projet-bannie%CC%80re-Orange-mobile.jpg\" alt=\"\" width=\"728\" height=\"81\"\/><\/div>\n<p>Auteur: BM. Sidwaya<br \/>\n<a href=\"https:\/\/www.sidwaya.info\/blog\/2019\/07\/25\/promotion-de-leconomie-numerique\/\">Cliquez ici pour lire l&rsquo;article depuis sa source.<\/a><\/p>\n","protected":false},"excerpt":{"rendered":"<p>Le nouveau site web de la Chambre de commerce et d\u2019industrie du Burkina Faso et trois portails internet d\u00e9di\u00e9s aux centres de sant\u00e9, aux \u00e9tablissements d\u2019enseignement et aux prestataires de service ont \u00e9t\u00e9 mis en service officiellement, le mercredi 24 juillet 2019 \u00e0 Ouagadougou. La c\u00e9r\u00e9monie a \u00e9t\u00e9 coparrain\u00e9e par les ministres en charge de [&hellip;]<\/p>\n","protected":false},"author":1816,"featured_media":0,"comment_status":"closed","ping_status":"closed","sticky":false,"template":"","format":"standard","meta":{"fifu_image_url":"","fifu_image_alt":"","footnotes":""},"categories":[73,81],"tags":[],"class_list":["post-48546","post","type-post","status-publish","format-standard","hentry","category-actualite","category-burkina-faso"],"_links":{"self":[{"href":"https:\/\/linitiative.ca\/International\/wp-json\/wp\/v2\/posts\/48546","targetHints":{"allow":["GET"]}}],"collection":[{"href":"https:\/\/linitiative.ca\/International\/wp-json\/wp\/v2\/posts"}],"about":[{"href":"https:\/\/linitiative.ca\/International\/wp-json\/wp\/v2\/types\/post"}],"author":[{"embeddable":true,"href":"https:\/\/linitiative.ca\/International\/wp-json\/wp\/v2\/users\/1816"}],"replies":[{"embeddable":true,"href":"https:\/\/linitiative.ca\/International\/wp-json\/wp\/v2\/comments?post=48546"}],"version-history":[{"count":0,"href":"https:\/\/linitiative.ca\/International\/wp-json\/wp\/v2\/posts\/48546\/revisions"}],"wp:attachment":[{"href":"https:\/\/linitiative.ca\/International\/wp-json\/wp\/v2\/media?parent=48546"}],"wp:term":[{"taxonomy":"category","embeddable":true,"href":"https:\/\/linitiative.ca\/International\/wp-json\/wp\/v2\/categories?post=48546"},{"taxonomy":"post_tag","embeddable":true,"href":"https:\/\/linitiative.ca\/International\/wp-json\/wp\/v2\/tags?post=48546"}],"curies":[{"name":"wp","href":"https:\/\/api.w.org\/{rel}","templated":true}]}}