{"id":48547,"date":"2019-07-25T18:01:16","date_gmt":"2019-07-25T22:01:16","guid":{"rendered":"https:\/\/linitiative.ca\/International\/deces-de-bce-la-mauritanie-5eme-pays-arabe-a-decreter-un-deuil-de-trois-jours\/"},"modified":"2019-07-25T18:01:16","modified_gmt":"2019-07-25T22:01:16","slug":"deces-de-bce-la-mauritanie-5eme-pays-arabe-a-decreter-un-deuil-de-trois-jours","status":"publish","type":"post","link":"https:\/\/linitiative.ca\/International\/deces-de-bce-la-mauritanie-5eme-pays-arabe-a-decreter-un-deuil-de-trois-jours\/","title":{"rendered":"D\u00e9c\u00e8s de BCE\u00a0: La Mauritanie\u00a0: 5\u00e8me pays arabe \u00e0 d\u00e9cr\u00e9ter un deuil de trois jours"},"content":{"rendered":"<div class=\"post-cont-in left relative\">\n<div class=\"swp_social_panel swp_horizontal_panel swp_flat_fresh swp_default_full_color swp_individual_full_color swp_other_full_color scale-100 scale-\" data-min-width=\"1100\" data-float-color=\"#ffffff\" data-float=\"none\" data-float-mobile=\"none\" data-transition=\"slide\">\n<div class=\"nc_tweetContainer swp_share_button total_shares total_sharesalt\"><span class=\"swp_count\">59 <span class=\"swp_label\">Partages<\/span><\/span><\/div>\n<\/div>\n<p>La pr\u00e9sidence de la r\u00e9publique islamique mauritanienne a d\u00e9cr\u00e9t\u00e9 un deuil national de trois jours suite au d\u00e9c\u00e8s du pr\u00e9sident tunisien B\u00e9ji Ca\u00efed Essebsi.<\/p>\n<p>Pour rappel, la Jordanie, La Palestine, Le Liban et l\u2019Alg\u00e9rie avaient d\u00e9cr\u00e9t\u00e9 un deuil de trois jours dans leurs pays.<\/p>\n<div class=\"code-block code-block-1 c5\"><ins class=\"adsbygoogle c4\" data-ad-layout=\"in-article\" data-ad-format=\"fluid\" data-ad-client=\"ca-pub-2102118777505746\" data-ad-slot=\"7301775417\"\/> <\/div>\n<div class=\"mvp-org-wrap mvp-org-logo\" itemprop=\"publisher\" itemscope=\"\" itemtype=\"https:\/\/schema.org\/Organization\"><img decoding=\"async\" src=\"https:\/\/www.tunisienumerique.com\/wp-content\/uploads\/2017\/02\/logo_tunisie_numerique.png\"\/><\/div>\n<div class=\"swp_social_panel swp_horizontal_panel swp_flat_fresh swp_default_full_color swp_individual_full_color swp_other_full_color scale-100 scale-\" data-min-width=\"1100\" data-float-color=\"#ffffff\" data-float=\"none\" data-float-mobile=\"none\" data-transition=\"slide\">\n<div class=\"nc_tweetContainer swp_share_button total_shares total_sharesalt\"><span class=\"swp_count\">59 <span class=\"swp_label\">Partages<\/span><\/span><\/div>\n<\/div>\n<div class=\"mvp-related-posts left relative\">\n<h4 class=\"post-header\"><span class=\"post-header\">Lire aussi<\/span><\/h4>\n<\/div>\n<\/div>\n<p>Auteur: LM<br \/>\n<a href=\"https:\/\/www.tunisienumerique.com\/deces-de-bce-la-mauritanie-5eme-pays-arabe-a-decreter-un-deuil-de-trois-jours\/\">Cliquez ici pour lire l&rsquo;article depuis sa source.<\/a><\/p>\n","protected":false},"excerpt":{"rendered":"<p>59 Partages La pr\u00e9sidence de la r\u00e9publique islamique mauritanienne a d\u00e9cr\u00e9t\u00e9 un deuil national de trois jours suite au d\u00e9c\u00e8s du pr\u00e9sident tunisien B\u00e9ji Ca\u00efed Essebsi. Pour rappel, la Jordanie, La Palestine, Le Liban et l\u2019Alg\u00e9rie avaient d\u00e9cr\u00e9t\u00e9 un deuil de trois jours dans leurs pays. 59 Partages Lire aussi Auteur: LM Cliquez ici pour [&hellip;]<\/p>\n","protected":false},"author":1789,"featured_media":48551,"comment_status":"closed","ping_status":"closed","sticky":false,"template":"","format":"standard","meta":{"fifu_image_url":"","fifu_image_alt":"","footnotes":""},"categories":[73,55],"tags":[],"class_list":["post-48547","post","type-post","status-publish","format-standard","has-post-thumbnail","hentry","category-actualite","category-tunisie"],"_links":{"self":[{"href":"https:\/\/linitiative.ca\/International\/wp-json\/wp\/v2\/posts\/48547","targetHints":{"allow":["GET"]}}],"collection":[{"href":"https:\/\/linitiative.ca\/International\/wp-json\/wp\/v2\/posts"}],"about":[{"href":"https:\/\/linitiative.ca\/International\/wp-json\/wp\/v2\/types\/post"}],"author":[{"embeddable":true,"href":"https:\/\/linitiative.ca\/International\/wp-json\/wp\/v2\/users\/1789"}],"replies":[{"embeddable":true,"href":"https:\/\/linitiative.ca\/International\/wp-json\/wp\/v2\/comments?post=48547"}],"version-history":[{"count":0,"href":"https:\/\/linitiative.ca\/International\/wp-json\/wp\/v2\/posts\/48547\/revisions"}],"wp:featuredmedia":[{"embeddable":true,"href":"https:\/\/linitiative.ca\/International\/wp-json\/"}],"wp:attachment":[{"href":"https:\/\/linitiative.ca\/International\/wp-json\/wp\/v2\/media?parent=48547"}],"wp:term":[{"taxonomy":"category","embeddable":true,"href":"https:\/\/linitiative.ca\/International\/wp-json\/wp\/v2\/categories?post=48547"},{"taxonomy":"post_tag","embeddable":true,"href":"https:\/\/linitiative.ca\/International\/wp-json\/wp\/v2\/tags?post=48547"}],"curies":[{"name":"wp","href":"https:\/\/api.w.org\/{rel}","templated":true}]}}