{"id":48548,"date":"2019-07-25T20:18:03","date_gmt":"2019-07-26T00:18:03","guid":{"rendered":"https:\/\/linitiative.ca\/International\/dramane-cisse-nomme-directeur-general-adjoint-de-banque-atlantique-burkina\/"},"modified":"2019-07-25T20:18:03","modified_gmt":"2019-07-26T00:18:03","slug":"dramane-cisse-nomme-directeur-general-adjoint-de-banque-atlantique-burkina","status":"publish","type":"post","link":"https:\/\/linitiative.ca\/International\/dramane-cisse-nomme-directeur-general-adjoint-de-banque-atlantique-burkina\/","title":{"rendered":"Dramane Ciss\u00e9 nomm\u00e9 Directeur g\u00e9n\u00e9ral adjoint de Banque Atlantique Burkina"},"content":{"rendered":"<div readability=\"32\">\n<p>Publi\u00e9 le 26.07.2019 \u00e0 01h18 par APA News<\/p>\n<\/div>\n<div readability=\"50\">\n<p>Dramane Ciss\u00e9 a \u00e9t\u00e9 nomm\u00e9 Directeur g\u00e9n\u00e9ral adjoint de la Banque Atlantique Burkina Faso, filiale du groupe marocain Banque centrale populaire (BCP).Selon un communiqu\u00e9 parvenu \u00e0 APA, jeudi soir, cette nomination a \u00e9t\u00e9 approuv\u00e9e par le Conseil d\u2019administration de la banque le 17 juillet dernier.<\/p>\n<p>M. Ciss\u00e9 qui est d\u00e9sormais charg\u00e9 du d\u00e9veloppement, \u00a0\u00e9tait auparavant directeur de la tr\u00e9sorerie d\u2019Atlantic business international (ABI), la holding subsaharienne du groupe BCP.<\/p>\n<p>Dot\u00e9 d\u2019une exp\u00e9rience de 20 ans dans le secteur bancaire, le Burkinab\u00e9 Dramane Ciss\u00e9 a exerc\u00e9 plusieurs responsabilit\u00e9s dans des domaines sp\u00e9cifiques tels que la tr\u00e9sorerie, les op\u00e9rations, l\u2019exploitation et les ressources humaines. Il a int\u00e9gr\u00e9 la Banque Atlantique en mars 2007.<\/p>\n<\/div>\n<p>Auteur: APA News<br \/>\n<a href=\"https:\/\/www.journalducameroun.com\/dramane-cisse-nomme-directeur-general-adjoint-de-banque-atlantique-burkina\/\">Cliquez ici pour lire l&rsquo;article depuis sa source.<\/a><\/p>\n","protected":false},"excerpt":{"rendered":"<p>Publi\u00e9 le 26.07.2019 \u00e0 01h18 par APA News Dramane Ciss\u00e9 a \u00e9t\u00e9 nomm\u00e9 Directeur g\u00e9n\u00e9ral adjoint de la Banque Atlantique Burkina Faso, filiale du groupe marocain Banque centrale populaire (BCP).Selon un communiqu\u00e9 parvenu \u00e0 APA, jeudi soir, cette nomination a \u00e9t\u00e9 approuv\u00e9e par le Conseil d\u2019administration de la banque le 17 juillet dernier. M. Ciss\u00e9 [&hellip;]<\/p>\n","protected":false},"author":1965,"featured_media":0,"comment_status":"closed","ping_status":"closed","sticky":false,"template":"","format":"standard","meta":{"fifu_image_url":"","fifu_image_alt":"","footnotes":""},"categories":[73,82],"tags":[],"class_list":["post-48548","post","type-post","status-publish","format-standard","hentry","category-actualite","category-cameroun"],"_links":{"self":[{"href":"https:\/\/linitiative.ca\/International\/wp-json\/wp\/v2\/posts\/48548","targetHints":{"allow":["GET"]}}],"collection":[{"href":"https:\/\/linitiative.ca\/International\/wp-json\/wp\/v2\/posts"}],"about":[{"href":"https:\/\/linitiative.ca\/International\/wp-json\/wp\/v2\/types\/post"}],"author":[{"embeddable":true,"href":"https:\/\/linitiative.ca\/International\/wp-json\/wp\/v2\/users\/1965"}],"replies":[{"embeddable":true,"href":"https:\/\/linitiative.ca\/International\/wp-json\/wp\/v2\/comments?post=48548"}],"version-history":[{"count":0,"href":"https:\/\/linitiative.ca\/International\/wp-json\/wp\/v2\/posts\/48548\/revisions"}],"wp:attachment":[{"href":"https:\/\/linitiative.ca\/International\/wp-json\/wp\/v2\/media?parent=48548"}],"wp:term":[{"taxonomy":"category","embeddable":true,"href":"https:\/\/linitiative.ca\/International\/wp-json\/wp\/v2\/categories?post=48548"},{"taxonomy":"post_tag","embeddable":true,"href":"https:\/\/linitiative.ca\/International\/wp-json\/wp\/v2\/tags?post=48548"}],"curies":[{"name":"wp","href":"https:\/\/api.w.org\/{rel}","templated":true}]}}