{"id":48550,"date":"2019-07-25T18:00:10","date_gmt":"2019-07-25T22:00:10","guid":{"rendered":"https:\/\/linitiative.ca\/International\/le-conseil-de-gouvernement-fixe-le-montant-maximal-des-microcredits\/"},"modified":"2019-07-25T18:00:10","modified_gmt":"2019-07-25T22:00:10","slug":"le-conseil-de-gouvernement-fixe-le-montant-maximal-des-microcredits","status":"publish","type":"post","link":"https:\/\/linitiative.ca\/International\/le-conseil-de-gouvernement-fixe-le-montant-maximal-des-microcredits\/","title":{"rendered":"Le Conseil de gouvernement fixe le montant maximal des microcr\u00e9dits"},"content":{"rendered":"<p><strong>Le Conseil de gouvernement, r\u00e9uni jeudi \u00e0 Rabat sous la pr\u00e9sidence du Chef du Gouvernement, Sa\u00e2ddedine El Otmani, a adopt\u00e9 le projet de d\u00e9cret n\u00b02.19.575 fixant le montant maximal des microcr\u00e9dits.<\/strong><\/p>\n<p>Pr\u00e9sent\u00e9 par le ministre de l\u2019Economie et des Finances, ce projet vise \u00e0 d\u00e9finir le plafonnement des <strong>petits pr\u00eats<\/strong> en vue de r\u00e9pondre aux demandes des personnes \u00e9conomiquement vuln\u00e9rables pour le financement de leurs activit\u00e9s g\u00e9n\u00e9ratrices de revenus, ainsi que les op\u00e9rations stipul\u00e9es dans la loi n\u00b018-97, telle que modifi\u00e9e et compl\u00e9t\u00e9e, notamment son article 2, a indiqu\u00e9 le ministre d\u00e9l\u00e9gu\u00e9 charg\u00e9 des Relations avec le parlement et la soci\u00e9t\u00e9 civile, porte-parole du gouvernement, Mustapha El Khalfi.<\/p>\n<div class=\"c10\"\/>\n<p>Lire aussi : <a href=\"https:\/\/www.challenge.ma\/le-conseil-du-gouvernement-adopte-le-cachet-du-joaillier-111539\/\">Le conseil du gouvernement adopte le \u00ab cachet du joaillier \u00bb<\/a><\/p>\n<p>Par ailleurs, ce projet de d\u00e9cret fixe le plafond des <strong>microcr\u00e9dits<\/strong> profitant aux personnes \u00e0 revenus faibles \u00e0 hauteur de 50.000 DH, comme seuil maximal de financement de la cr\u00e9ation ou du d\u00e9veloppement d\u2019une activit\u00e9 de production ou de services au profit de cette cat\u00e9gorie sociale en vue de garantir leur insertion \u00e9conomique. Il fixe aussi le montant de 100.000 DH comme seuil maximal servant de financement de l\u2019achat, la construction ou la r\u00e9novation d\u2019un logement priv\u00e9, la r\u00e9daction de contrats d\u2019assurance et l\u2019approvisionnement en eau potable et en \u00e9lectricit\u00e9.<\/p>\n<p>De m\u00eame qu\u2019il d\u00e9finit le montant de 150.000 DH comme plafond pour la mise en place ou la cr\u00e9ation d\u2019une activit\u00e9 de production ou de services, en ciblant les personnes \u00e9conomiquement vuln\u00e9rables qui r\u00e9pondent aux conditions suivantes : \u00eatre inscrit sur le registre du commerce, \u00eatre un entrepreneur autonome soumis \u00e0 la taxe professionnelle et inscrit sur le registre des coop\u00e9ratives sous la forme d\u2019une coop\u00e9rative agricole ou d\u2019un membre de l\u2019une de ces coop\u00e9ratives.<\/p>\n<div class=\"c17\">\n<fieldset class=\"c16\">\n<legend><strong><span class=\"c11\">Challenge<\/span><span class=\"c12\">news<\/span><\/strong><\/legend>\n<div class=\"c15\">Le meilleur de la r\u00e9daction s\u00e9lectionn\u00e9 par Challenge :<\/p>\n<\/div>\n<\/fieldset>\n<\/div>\n<p>Auteur: Karim Handaoui<br \/>\n<a href=\"https:\/\/www.challenge.ma\/le-conseil-de-gouvernement-fixe-le-montant-maximal-des-microcredits-113811\/\">Cliquez ici pour lire l&rsquo;article depuis sa source.<\/a><\/p>\n","protected":false},"excerpt":{"rendered":"<p>Le Conseil de gouvernement, r\u00e9uni jeudi \u00e0 Rabat sous la pr\u00e9sidence du Chef du Gouvernement, Sa\u00e2ddedine El Otmani, a adopt\u00e9 le projet de d\u00e9cret n\u00b02.19.575 fixant le montant maximal des microcr\u00e9dits. Pr\u00e9sent\u00e9 par le ministre de l\u2019Economie et des Finances, ce projet vise \u00e0 d\u00e9finir le plafonnement des petits pr\u00eats en vue de r\u00e9pondre aux [&hellip;]<\/p>\n","protected":false},"author":1787,"featured_media":0,"comment_status":"closed","ping_status":"closed","sticky":false,"template":"","format":"standard","meta":{"fifu_image_url":"","fifu_image_alt":"","footnotes":""},"categories":[78,54],"tags":[],"class_list":["post-48550","post","type-post","status-publish","format-standard","hentry","category-economie","category-maroc"],"_links":{"self":[{"href":"https:\/\/linitiative.ca\/International\/wp-json\/wp\/v2\/posts\/48550","targetHints":{"allow":["GET"]}}],"collection":[{"href":"https:\/\/linitiative.ca\/International\/wp-json\/wp\/v2\/posts"}],"about":[{"href":"https:\/\/linitiative.ca\/International\/wp-json\/wp\/v2\/types\/post"}],"author":[{"embeddable":true,"href":"https:\/\/linitiative.ca\/International\/wp-json\/wp\/v2\/users\/1787"}],"replies":[{"embeddable":true,"href":"https:\/\/linitiative.ca\/International\/wp-json\/wp\/v2\/comments?post=48550"}],"version-history":[{"count":0,"href":"https:\/\/linitiative.ca\/International\/wp-json\/wp\/v2\/posts\/48550\/revisions"}],"wp:attachment":[{"href":"https:\/\/linitiative.ca\/International\/wp-json\/wp\/v2\/media?parent=48550"}],"wp:term":[{"taxonomy":"category","embeddable":true,"href":"https:\/\/linitiative.ca\/International\/wp-json\/wp\/v2\/categories?post=48550"},{"taxonomy":"post_tag","embeddable":true,"href":"https:\/\/linitiative.ca\/International\/wp-json\/wp\/v2\/tags?post=48550"}],"curies":[{"name":"wp","href":"https:\/\/api.w.org\/{rel}","templated":true}]}}