{"id":48553,"date":"2019-07-25T19:22:55","date_gmt":"2019-07-25T23:22:55","guid":{"rendered":"https:\/\/linitiative.ca\/International\/sale-temps-pour-les-maquis-a-bobo-dioulasso\/"},"modified":"2019-07-25T19:22:55","modified_gmt":"2019-07-25T23:22:55","slug":"sale-temps-pour-les-maquis-a-bobo-dioulasso","status":"publish","type":"post","link":"https:\/\/linitiative.ca\/International\/sale-temps-pour-les-maquis-a-bobo-dioulasso\/","title":{"rendered":"Sale temps pour les maquis \u00e0 Bobo-Dioulasso"},"content":{"rendered":"<p>*Sale temps pour les maquis \u00e0 Bobo-Dioulasso<\/p>\n<p>Apr\u00e8s la d\u00e9molition d\u2019une partie de l\u2019espace abritant de nombreux maquis dont le \u00abBlack and white\u00bb pour y construire une banque, selon des indiscr\u00e9tions, c\u2019est au tour du maquis \u00abTamani\u00bb d\u2019\u00eatre d\u00e9cap\u00e9. Ce maquis situ\u00e9 dans le quartier K\u00f4k\u00f4 en face des \u00e9coles centre a \u00e9t\u00e9 d\u00e9moli pour y \u00e9riger le si\u00e8ge de la mairie de l\u2019arrondissement n\u00b01 de la commune de Bobo-Dioulasso. Dans la cit\u00e9 de Sya, le gouvernement a engag\u00e9 plusieurs chantiers de construction des si\u00e8ges des nouveaux arrondissements. Les travaux sont m\u00eame avanc\u00e9s pour certains. L\u2019arrondissement n\u00b01 \u00e9tait le seul \u00e0 ne pas disposer de terrain pour abriter son futur si\u00e8ge. Le site du maquis \u00abTamani\u00bb doit alors servir de si\u00e8ge \u00e0 cet arrondissement qui est pour le moment log\u00e9 dans un b\u00e2timent coll\u00e9 au Th\u00e9\u00e2tre de l\u2019amiti\u00e9. Le \u00abTamani\u00bb, lui, a \u00e9t\u00e9 d\u00e9localis\u00e9 \u00e0 l\u2019ancien emplacement du restaurant le \u00abFrangin\u00bb coll\u00e9 \u00e0 la Maison de la culture de Bobo-Dioulasso et saccag\u00e9 lors de l\u2019insurrection populaire des 30 et 31 octobre 2014.<\/p>\n<p>* Les retrait\u00e9s de la communication reboisent ce samedi<\/p>\n<p>L\u2019Association des retrait\u00e9s de la communication et de l\u2019information (ARCI)\/ section de l\u2019Ouest veut apporter sa contribution dans le combat engag\u00e9 contre la d\u00e9sertification au Burkina Faso. Ses membres organisent \u00e0 cet effet, ce samedi 27 juillet 2019 \u00e0 partir de 9heures, une plantation d\u2019arbres dans la cour du centre \u00e9metteur \u00e0 Bobo-Dioulasso au secteur n\u02da17 Sarfalao. Cette activit\u00e9 des papys de la communication et de l\u2019information vise \u00e0 pr\u00e9server la nature et \u00e0 lutter contre le r\u00e9chauffement climatique. Ce sera aussi une occasion pour ces agents qui ont rang\u00e9 plumes et micros de se retrouver et de se souvenir des bons moments pass\u00e9s ensemble. L\u2019ARCI est une association des agents retrait\u00e9s de la communication et de l\u2019information du Burkina Faso cr\u00e9\u00e9e en octobre 2010. Officiellement reconnue le 14 mars 2011, la section de l\u2019Ouest pr\u00eache la fraternit\u00e9, la coh\u00e9sion sociale, la solidarit\u00e9 entre communicateurs de tous les organes de la presse priv\u00e9e comme du public.<br \/>*Bient\u00f4t, de nouveaux masters \u00e0 l\u2019universit\u00e9 Nazi-Boni<\/p>\n<p>Il est pr\u00e9vu \u00e0 l\u2019universit\u00e9 Nazi-Boni de Bobo-Dioulasso, la cr\u00e9ation de nouveaux masters dans le domaine des math\u00e9matiques, de l\u2019informatique et de la sant\u00e9. Ces points ont \u00e9t\u00e9 abord\u00e9s lors d\u2019une session extraordinaire du Conseil de la formation et de la vie universitaire (CFVU), tenu, le mercredi 24 juillet 2019, sous l\u2019\u00e9gide du pr\u00e9sident de l\u2019universit\u00e9, le Pr Macaire Ou\u00e9draogo, \u00e0 l\u2019IRSS. Pour l\u2019UFR\/ST, il est pr\u00e9vu la cr\u00e9ation de master en statistiques appliqu\u00e9e et aide \u00e0 la d\u00e9cision (SAAD), en s\u00e9curit\u00e9 sanitaire des aliments (MASSA), et en Nutrition humaines (NH). Un master de pharmacovigilance \u00e0 l\u2019Institut national des sciences de la sant\u00e9 (INSSA), en Sciences de donn\u00e9es et en r\u00e9seaux et syst\u00e8me cyber s\u00e9curit\u00e9 \u00e0 l\u2019Ecole sup\u00e9rieure de l\u2019informatique (ESI) sont \u00e9galement pr\u00e9vus. A l\u2019instar des projets de cr\u00e9ation de master, des projets de cr\u00e9ation de laboratoires \u00e0 l\u2019UFR\/ST, de cr\u00e9ation de dipl\u00f4mes \u00e0 l\u2019INSSA, et un projet de texte sur le r\u00e8glement int\u00e9rieur de l\u2019UFR\/SH-LAM ont \u00e9galement \u00e9t\u00e9 \u00e0 l\u2019ordre du jour. Pour le moment, l\u2019ann\u00e9e acad\u00e9mique pour ces nouveaux masters et diff\u00e9rents projets n\u2019a pas encore \u00e9t\u00e9 communiqu\u00e9e.<\/p>\n<p>*\u00a0Des d\u00e9pistages gratuits des h\u00e9patites B et C aux hommes de m\u00e9dias<\/p>\n<p>Une s\u00e9ance de d\u00e9pistage des h\u00e9patites B et C est organis\u00e9e, ce samedi 27 juillet 2019, de 8 heures \u00e0 14 heures, \u00e0 la direction r\u00e9gionale de l\u2019Ouest des \u00c9ditions Sidwaya \u00e0 Bobo-Dioulasso. L\u2019initiative est de \u00abSOS h\u00e9patite\u00bb qui entend placer les hommes de m\u00e9dias \u00e0 l\u2019avant-garde dans la lutte contre ce fl\u00e9au. Cette association n\u2019est pas \u00e0 son premier geste \u00e0 l\u2019endroit des communicateurs. En d\u00e9but de cette ann\u00e9e 2019, elle a organis\u00e9 une journ\u00e9e d\u2019information et de sensibilisation des travailleurs des m\u00e9dias de Bobo-Dioulasso \u00e0 la r\u00e9alit\u00e9 des h\u00e9patites et de leur prise en charge m\u00e9dicale. Et cette s\u00e9ance n\u2019est que l\u2019acte II de ce partenariat naissant. Elle offre l\u2019occasion non seulement aux hommes de m\u00e9dias et \u00e0 leurs familles d\u2019effectuer leur d\u00e9pistage gratuit mais aussi un accompagnement est pr\u00e9vu pour les cas relev\u00e9s positifs.<\/p>\n<div class=\"td-a-rec td-a-rec-id-content_bottom td_uid_30_5d3a48b28b320_rand td_block_template_1\"><img loading=\"lazy\" decoding=\"async\" class=\"aligncenter size-full wp-image-9623\" src=\"https:\/\/www.sidwaya.info\/wp-content\/uploads\/2019\/06\/Projet-bannie%CC%80re-Orange-mobile.jpg\" alt=\"\" width=\"728\" height=\"81\"\/><\/div>\n<p>Auteur: BM. Sidwaya<br \/>\n<a href=\"https:\/\/www.sidwaya.info\/blog\/2019\/07\/25\/sale-temps-pour-les-maquis-a-bobo-dioulasso\/\">Cliquez ici pour lire l&rsquo;article depuis sa source.<\/a><\/p>\n","protected":false},"excerpt":{"rendered":"<p>*Sale temps pour les maquis \u00e0 Bobo-Dioulasso Apr\u00e8s la d\u00e9molition d\u2019une partie de l\u2019espace abritant de nombreux maquis dont le \u00abBlack and white\u00bb pour y construire une banque, selon des indiscr\u00e9tions, c\u2019est au tour du maquis \u00abTamani\u00bb d\u2019\u00eatre d\u00e9cap\u00e9. Ce maquis situ\u00e9 dans le quartier K\u00f4k\u00f4 en face des \u00e9coles centre a \u00e9t\u00e9 d\u00e9moli pour [&hellip;]<\/p>\n","protected":false},"author":1816,"featured_media":48555,"comment_status":"closed","ping_status":"closed","sticky":false,"template":"","format":"standard","meta":{"fifu_image_url":"","fifu_image_alt":"","footnotes":""},"categories":[73,81],"tags":[],"class_list":["post-48553","post","type-post","status-publish","format-standard","has-post-thumbnail","hentry","category-actualite","category-burkina-faso"],"_links":{"self":[{"href":"https:\/\/linitiative.ca\/International\/wp-json\/wp\/v2\/posts\/48553","targetHints":{"allow":["GET"]}}],"collection":[{"href":"https:\/\/linitiative.ca\/International\/wp-json\/wp\/v2\/posts"}],"about":[{"href":"https:\/\/linitiative.ca\/International\/wp-json\/wp\/v2\/types\/post"}],"author":[{"embeddable":true,"href":"https:\/\/linitiative.ca\/International\/wp-json\/wp\/v2\/users\/1816"}],"replies":[{"embeddable":true,"href":"https:\/\/linitiative.ca\/International\/wp-json\/wp\/v2\/comments?post=48553"}],"version-history":[{"count":0,"href":"https:\/\/linitiative.ca\/International\/wp-json\/wp\/v2\/posts\/48553\/revisions"}],"wp:featuredmedia":[{"embeddable":true,"href":"https:\/\/linitiative.ca\/International\/wp-json\/"}],"wp:attachment":[{"href":"https:\/\/linitiative.ca\/International\/wp-json\/wp\/v2\/media?parent=48553"}],"wp:term":[{"taxonomy":"category","embeddable":true,"href":"https:\/\/linitiative.ca\/International\/wp-json\/wp\/v2\/categories?post=48553"},{"taxonomy":"post_tag","embeddable":true,"href":"https:\/\/linitiative.ca\/International\/wp-json\/wp\/v2\/tags?post=48553"}],"curies":[{"name":"wp","href":"https:\/\/api.w.org\/{rel}","templated":true}]}}