{"id":48554,"date":"2019-07-25T20:18:08","date_gmt":"2019-07-26T00:18:08","guid":{"rendered":"https:\/\/linitiative.ca\/International\/athletisme-livoirien-arthur-cisse-vainqueur-du-meeting-de-leverkusen\/"},"modified":"2019-07-25T20:18:08","modified_gmt":"2019-07-26T00:18:08","slug":"athletisme-livoirien-arthur-cisse-vainqueur-du-meeting-de-leverkusen","status":"publish","type":"post","link":"https:\/\/linitiative.ca\/International\/athletisme-livoirien-arthur-cisse-vainqueur-du-meeting-de-leverkusen\/","title":{"rendered":"Athl\u00e9tisme: l\u2019Ivoirien Arthur Ciss\u00e9 vainqueur du meeting de Leverkusen"},"content":{"rendered":"<div readability=\"32\">\n<p>Publi\u00e9 le 26.07.2019 \u00e0 01h18 par APA News<\/p>\n<\/div>\n<div readability=\"50\">\n<p>La nouvelle p\u00e9pite ivoirienne du sprint mondial, Arthur Gue Ciss\u00e9 a encore fait parler de lui, mercredi soir, \u00e0 Liverkussen en Allemagne, en remportant la finale du 100 m du meeting Bayer Classics en 9\u00a0\u00bb93, devant le l\u00e9gendaire Asafa Powell de la Jama\u00efque (ancien d\u00e9tenteur du record du monde du 100 m\u00e8tres et 4\u00e8 athl\u00e8te le plus rapide de l\u2019histoire de la discipline), am\u00e9liorant ainsi d\u2019un centi\u00e8me son ancien record personnel et celui de la C\u00f4te d\u2019Ivoire (9\u00a0\u00bb94) qu\u2019il d\u00e9tenait depuis juin 2018.Le jeune ivoirien de 22 ans semble revenir \u00e0 un tr\u00e8s bon niveau apr\u00e8s ses pi\u00e8tres performances enregistr\u00e9es depuis l\u2019ouverture de la saison.<\/p>\n<p>Avec ce nouveau chrono en dessous de la mythique barri\u00e8re des 10 secondes, Arthur Ciss\u00e9, vice-champion d\u2019Afrique du 100 m, lance un message fort \u00e0 deux journ\u00e9es de la fin des phases qualificatives de la Diamond League 2019 et \u00e0 deux mois pr\u00e8s de l\u2019ouverture des 17\u00e8mes championnats du monde d\u2019athl\u00e9tisme, pr\u00e9vus \u00e0 Doha au Qatar du 28 septembre au 6 octobre 2019.<\/p>\n<\/div>\n<p>Auteur: APA News<br \/>\n<a href=\"https:\/\/www.journalducameroun.com\/athletisme-livoirien-arthur-cisse-vainqueur-du-meeting-de-leverkusen\/\">Cliquez ici pour lire l&rsquo;article depuis sa source.<\/a><\/p>\n","protected":false},"excerpt":{"rendered":"<p>Publi\u00e9 le 26.07.2019 \u00e0 01h18 par APA News La nouvelle p\u00e9pite ivoirienne du sprint mondial, Arthur Gue Ciss\u00e9 a encore fait parler de lui, mercredi soir, \u00e0 Liverkussen en Allemagne, en remportant la finale du 100 m du meeting Bayer Classics en 9\u00a0\u00bb93, devant le l\u00e9gendaire Asafa Powell de la Jama\u00efque (ancien d\u00e9tenteur du record [&hellip;]<\/p>\n","protected":false},"author":1965,"featured_media":0,"comment_status":"closed","ping_status":"closed","sticky":false,"template":"","format":"standard","meta":{"fifu_image_url":"","fifu_image_alt":"","footnotes":""},"categories":[73,82],"tags":[],"class_list":["post-48554","post","type-post","status-publish","format-standard","hentry","category-actualite","category-cameroun"],"_links":{"self":[{"href":"https:\/\/linitiative.ca\/International\/wp-json\/wp\/v2\/posts\/48554","targetHints":{"allow":["GET"]}}],"collection":[{"href":"https:\/\/linitiative.ca\/International\/wp-json\/wp\/v2\/posts"}],"about":[{"href":"https:\/\/linitiative.ca\/International\/wp-json\/wp\/v2\/types\/post"}],"author":[{"embeddable":true,"href":"https:\/\/linitiative.ca\/International\/wp-json\/wp\/v2\/users\/1965"}],"replies":[{"embeddable":true,"href":"https:\/\/linitiative.ca\/International\/wp-json\/wp\/v2\/comments?post=48554"}],"version-history":[{"count":0,"href":"https:\/\/linitiative.ca\/International\/wp-json\/wp\/v2\/posts\/48554\/revisions"}],"wp:attachment":[{"href":"https:\/\/linitiative.ca\/International\/wp-json\/wp\/v2\/media?parent=48554"}],"wp:term":[{"taxonomy":"category","embeddable":true,"href":"https:\/\/linitiative.ca\/International\/wp-json\/wp\/v2\/categories?post=48554"},{"taxonomy":"post_tag","embeddable":true,"href":"https:\/\/linitiative.ca\/International\/wp-json\/wp\/v2\/tags?post=48554"}],"curies":[{"name":"wp","href":"https:\/\/api.w.org\/{rel}","templated":true}]}}