{"id":48556,"date":"2019-07-25T18:39:00","date_gmt":"2019-07-25T22:39:00","guid":{"rendered":"https:\/\/linitiative.ca\/International\/macron-confirme-sa-presence-samedi-aux-funerailles-de-caid-essebsi\/"},"modified":"2019-07-25T18:39:00","modified_gmt":"2019-07-25T22:39:00","slug":"macron-confirme-sa-presence-samedi-aux-funerailles-de-caid-essebsi","status":"publish","type":"post","link":"https:\/\/linitiative.ca\/International\/macron-confirme-sa-presence-samedi-aux-funerailles-de-caid-essebsi\/","title":{"rendered":"Macron confirme sa pr\u00e9sence samedi aux fun\u00e9railles de Ca\u00efd Essebsi"},"content":{"rendered":"<p>Le pr\u00e9sident fran\u00e7ais Emmanuel Macron a tenu \u00e0 se rendre samedi \u00e0 Tunis prendre part pour rendre un dernier adieu au pr\u00e9sident Ca\u00efd Essebsi. \u00ab\u00a0Il a d\u00fb bousculer son agenda pour venir partager avec les Tunisiens, en sinc\u00e8re compassion, l\u2019hommage m\u00e9rit\u00e9 et exprimer au nom de la France toute l\u2019estime et la consid\u00e9ration \u00e0 l\u2019\u00e9gard du pr\u00e9sident d\u00e9funt\u00a0\u00bb, confie \u00e0 Leaders une source proche de l\u2019Elys\u00e9e. \u00ab C&rsquo;est un geste fort\u00a0 qui trouve sa pleine signification.\u00a0Le pr\u00e9sident Macron, ajoute-t-elle, avait une relation tr\u00e8s affectueuse avec le pr\u00e9sident Ca\u00efd Essebsi, tr\u00e8s sinc\u00e8re et tr\u00e8s chaleureuse. Il a \u00e9t\u00e9 profond\u00e9ment attrist\u00e9 par son d\u00e9c\u00e8s.\u00a0\u00bb<br \/>\u00a0<\/p>\n<p>Auteur:<br \/>\n<a href=\"https:\/\/www.leaders.com.tn\/article\/27588-macron-confirme-sa-presence-samedi-aux-funerailles-de-caid-essebsi\">Cliquez ici pour lire l&rsquo;article depuis sa source.<\/a><\/p>\n","protected":false},"excerpt":{"rendered":"<p>Le pr\u00e9sident fran\u00e7ais Emmanuel Macron a tenu \u00e0 se rendre samedi \u00e0 Tunis prendre part pour rendre un dernier adieu au pr\u00e9sident Ca\u00efd Essebsi. \u00ab\u00a0Il a d\u00fb bousculer son agenda pour venir partager avec les Tunisiens, en sinc\u00e8re compassion, l\u2019hommage m\u00e9rit\u00e9 et exprimer au nom de la France toute l\u2019estime et la consid\u00e9ration \u00e0 l\u2019\u00e9gard [&hellip;]<\/p>\n","protected":false},"author":1772,"featured_media":0,"comment_status":"closed","ping_status":"closed","sticky":false,"template":"","format":"standard","meta":{"fifu_image_url":"","fifu_image_alt":"","footnotes":""},"categories":[73,55],"tags":[],"class_list":["post-48556","post","type-post","status-publish","format-standard","hentry","category-actualite","category-tunisie"],"_links":{"self":[{"href":"https:\/\/linitiative.ca\/International\/wp-json\/wp\/v2\/posts\/48556","targetHints":{"allow":["GET"]}}],"collection":[{"href":"https:\/\/linitiative.ca\/International\/wp-json\/wp\/v2\/posts"}],"about":[{"href":"https:\/\/linitiative.ca\/International\/wp-json\/wp\/v2\/types\/post"}],"author":[{"embeddable":true,"href":"https:\/\/linitiative.ca\/International\/wp-json\/wp\/v2\/users\/1772"}],"replies":[{"embeddable":true,"href":"https:\/\/linitiative.ca\/International\/wp-json\/wp\/v2\/comments?post=48556"}],"version-history":[{"count":0,"href":"https:\/\/linitiative.ca\/International\/wp-json\/wp\/v2\/posts\/48556\/revisions"}],"wp:attachment":[{"href":"https:\/\/linitiative.ca\/International\/wp-json\/wp\/v2\/media?parent=48556"}],"wp:term":[{"taxonomy":"category","embeddable":true,"href":"https:\/\/linitiative.ca\/International\/wp-json\/wp\/v2\/categories?post=48556"},{"taxonomy":"post_tag","embeddable":true,"href":"https:\/\/linitiative.ca\/International\/wp-json\/wp\/v2\/tags?post=48556"}],"curies":[{"name":"wp","href":"https:\/\/api.w.org\/{rel}","templated":true}]}}