{"id":48557,"date":"2019-07-25T19:26:26","date_gmt":"2019-07-25T23:26:26","guid":{"rendered":"https:\/\/linitiative.ca\/International\/5e-championnat-dafrique-de-vovinam-viet-vo-dao\/"},"modified":"2019-07-25T19:26:26","modified_gmt":"2019-07-25T23:26:26","slug":"5e-championnat-dafrique-de-vovinam-viet-vo-dao","status":"publish","type":"post","link":"https:\/\/linitiative.ca\/International\/5e-championnat-dafrique-de-vovinam-viet-vo-dao\/","title":{"rendered":"5e championnat d\u2019Afrique  de vovinam viet vo dao"},"content":{"rendered":"<div class=\"td-post-featured-image\"><a href=\"https:\/\/i0.wp.com\/www.sidwaya.info\/wp-content\/uploads\/2019\/07\/sportviet.gif?fit=787%2C590&#038;ssl=1\" data-caption=\"\"><img loading=\"lazy\" decoding=\"async\" width=\"696\" height=\"522\" class=\"entry-thumb td-modal-image\" src=\"https:\/\/i0.wp.com\/www.sidwaya.info\/wp-content\/uploads\/2019\/07\/sportviet.gif?resize=696%2C522&#038;ssl=1\" alt=\"\" title=\"sportviet\"\/><\/a><\/div>\n<p><strong>Les 5es championnats d\u2019Afrique de vovinam viet vo dao se d\u00e9rouleront du 26 au 28 juillet 2019 \u00e0 Ouagadougou. Sept pays (Mali, Niger, C\u00f4te d\u2019Ivoire, Mauritanie, S\u00e9n\u00e9gal, Togo et Burkina Faso) rivaliseront dans les techniques, les combats et la lutte vietnamienne. Cette information a \u00e9t\u00e9 donn\u00e9e hier 25 juillet dernier aux journalistes au cours d\u2019une conf\u00e9rence de presse.<\/strong><\/p>\n<p>Ouagadougou sera ce week-end la capitale du vovinam viet vo dao africain. Le Burkina Faso abrite, en effet, du 26 au 28 juillet 2019, dans la salle des arts martiaux de Comit\u00e9 national olympique et des sports burkinab\u00e8 (CNOSB), le 5e championnat d\u2019Afrique de cet art martial vietnamien. Avec huit pays inscrits au d\u00e9part, ce sont finalement sept nations (Mali, Niger, C\u00f4te d\u2019Ivoire, Mauritanie, S\u00e9n\u00e9gal, Togo et Burkina Faso) qui se sont donn\u00e9 rendez-vous dans la capitale burkinab\u00e8. Le Maroc s\u2019\u00e9tant d\u00e9sist\u00e9 \u00e0 la derni\u00e8re minute. Les voshings de ces pays se mesureront dans les techniques, les combats et dans la lutte vietnamienne. Selon le pr\u00e9sident de la f\u00e9d\u00e9ration africaine de vovinam viet vo dao, Fernand Ou\u00e9draogo, par ailleurs pr\u00e9sident de la f\u00e9d\u00e9ration burkinab\u00e8 de la discipline, il \u00e9tait opportun pour le Burkina Faso, pendant son mandat, d\u2019abriter ce 5e championnat d\u2019Afrique. \u00abLe Burkina Faso abrite le si\u00e8ge du vovinam viet vo dao en Afrique\u00bb, a-t-il justifi\u00e9. Deuxi\u00e8me au classement au championnat d\u2019Afrique en 2015, 2017 et troisi\u00e8me mondial, le Burkina Faso vise le podium \u00e0 domicile. Pour ce faire, les voshings ont b\u00e9n\u00e9fici\u00e9 de trois stages. \u00abNos voshings sont fins pr\u00eats. Ils ont beaucoup travaill\u00e9 au cours des stages. Nous avons de tr\u00e8s bons cadets et le champion du monde des plus de 80 kg, Isra\u00ebl Mano. J\u2019ose croire qu\u2019ils peuvent donner la premi\u00e8re place au Burkina Faso\u00bb, a laiss\u00e9 entendre Fernand Ou\u00e9draogo. Quant au pr\u00e9sident du comit\u00e9 d\u2019organisation, Rasman\u00e9 Sawadogo, par ailleurs directeur g\u00e9n\u00e9ral des sports, il a indiqu\u00e9 que le vovinam viet vo dao a toujours fait flotter le drapeau du Burkina Faso dans les comp\u00e9titions africaines et mondiales. Avec un budget de 37 millions F CFA, le minist\u00e8re des Sports et des Loisirs a d\u00e9cid\u00e9 d\u2019accompagner cette discipline afin de contribuer \u00e0 sa vulgarisation. En pr\u00e9lude \u00e0 ce championnat, la f\u00e9d\u00e9ration burkinab\u00e8 de vovinam viet vo dao a organis\u00e9 du 23 au 25 juillet dernier un stade de renforcement des capacit\u00e9s des combattants et de passage de grades allant du 1er dan au 4e.<\/p>\n<p>Ollo Aim\u00e9 C\u00e9saire HIEN<\/p>\n<div class=\"td-a-rec td-a-rec-id-content_bottom td_uid_30_5d3a48b6979da_rand td_block_template_1\"><img loading=\"lazy\" decoding=\"async\" class=\"aligncenter size-full wp-image-9623\" src=\"https:\/\/www.sidwaya.info\/wp-content\/uploads\/2019\/06\/Projet-bannie%CC%80re-Orange-mobile.jpg\" alt=\"\" width=\"728\" height=\"81\"\/><\/div>\n<p>Auteur: BM. Sidwaya<br \/>\n<a href=\"https:\/\/www.sidwaya.info\/blog\/2019\/07\/25\/5e-championnat-dafrique-de-vovinam-viet-vo-dao\/\">Cliquez ici pour lire l&rsquo;article depuis sa source.<\/a><\/p>\n","protected":false},"excerpt":{"rendered":"<p>Les 5es championnats d\u2019Afrique de vovinam viet vo dao se d\u00e9rouleront du 26 au 28 juillet 2019 \u00e0 Ouagadougou. Sept pays (Mali, Niger, C\u00f4te d\u2019Ivoire, Mauritanie, S\u00e9n\u00e9gal, Togo et Burkina Faso) rivaliseront dans les techniques, les combats et la lutte vietnamienne. Cette information a \u00e9t\u00e9 donn\u00e9e hier 25 juillet dernier aux journalistes au cours d\u2019une [&hellip;]<\/p>\n","protected":false},"author":1816,"featured_media":0,"comment_status":"closed","ping_status":"closed","sticky":false,"template":"","format":"standard","meta":{"fifu_image_url":"","fifu_image_alt":"","footnotes":""},"categories":[73,81],"tags":[],"class_list":["post-48557","post","type-post","status-publish","format-standard","hentry","category-actualite","category-burkina-faso"],"_links":{"self":[{"href":"https:\/\/linitiative.ca\/International\/wp-json\/wp\/v2\/posts\/48557","targetHints":{"allow":["GET"]}}],"collection":[{"href":"https:\/\/linitiative.ca\/International\/wp-json\/wp\/v2\/posts"}],"about":[{"href":"https:\/\/linitiative.ca\/International\/wp-json\/wp\/v2\/types\/post"}],"author":[{"embeddable":true,"href":"https:\/\/linitiative.ca\/International\/wp-json\/wp\/v2\/users\/1816"}],"replies":[{"embeddable":true,"href":"https:\/\/linitiative.ca\/International\/wp-json\/wp\/v2\/comments?post=48557"}],"version-history":[{"count":0,"href":"https:\/\/linitiative.ca\/International\/wp-json\/wp\/v2\/posts\/48557\/revisions"}],"wp:attachment":[{"href":"https:\/\/linitiative.ca\/International\/wp-json\/wp\/v2\/media?parent=48557"}],"wp:term":[{"taxonomy":"category","embeddable":true,"href":"https:\/\/linitiative.ca\/International\/wp-json\/wp\/v2\/categories?post=48557"},{"taxonomy":"post_tag","embeddable":true,"href":"https:\/\/linitiative.ca\/International\/wp-json\/wp\/v2\/tags?post=48557"}],"curies":[{"name":"wp","href":"https:\/\/api.w.org\/{rel}","templated":true}]}}