{"id":48558,"date":"2019-07-25T18:58:00","date_gmt":"2019-07-25T22:58:00","guid":{"rendered":"https:\/\/linitiative.ca\/International\/lhommage-de-lonu-le-president-essebsi-etait-un-pionnier-tunisien-arabe-et-africain-et-un-leader-mondial\/"},"modified":"2019-07-25T18:58:00","modified_gmt":"2019-07-25T22:58:00","slug":"lhommage-de-lonu-le-president-essebsi-etait-un-pionnier-tunisien-arabe-et-africain-et-un-leader-mondial","status":"publish","type":"post","link":"https:\/\/linitiative.ca\/International\/lhommage-de-lonu-le-president-essebsi-etait-un-pionnier-tunisien-arabe-et-africain-et-un-leader-mondial\/","title":{"rendered":"<div>L&rsquo;hommage de l&rsquo;ONU : Le pr\u00e9sident Essebsi \u00e9tait un pionnier tunisien, arabe et africain et un leader mondial<\/div>"},"content":{"rendered":"<p>Le Secr\u00e9taire G\u00e9n\u00e9ral des Nations Unies s\u2019est\u00a0 d\u00e9clar\u00e9 \u00ab profond\u00e9ment attrist\u00e9 d&rsquo;apprendre le d\u00e9c\u00e8s du Pr\u00e9sident tunisien Beji Caid Essebsi, un personnage central de l&rsquo;histoire de la Tunisie et de l&rsquo;ind\u00e9pendance du pays. Ces derni\u00e8res ann\u00e9es, il a jou\u00e9 un r\u00f4le d\u00e9terminant pour mener le pays avec succ\u00e8s dans une transition vers la d\u00e9mocratie historique et pacifique.\u00a0\u00bb\u00a0 \u00ab\u00a0En m\u00eame temps, nous sommes admiratifs et reconnaissants pour le r\u00f4le exceptionnel jou\u00e9 par le Pr\u00e9sident Essebsi en Tunisie, qui est un mod\u00e8le pour la r\u00e9gion et le monde\u00a0\u00bb soulignera -t-il.<\/p>\n<p class=\"c2\"><img loading=\"lazy\" decoding=\"async\" src=\"\/uploads\/FCK_files\/guetteres&#038;.jpg\" width=\"700\" height=\"427\" vspace=\"5\" hspace=\"5\" align=\"middle\" alt=\"\"\/><\/p>\n<p>\u00ab\u00a0On se souviendra du Pr\u00e9sident Essebsi, ajout\u00e9 M. Gutteres pour sa d\u00e9termination audacieuse \u00e0 d\u00e9fendre le r\u00e9gime d\u00e9mocratique tunisien et \u00e0 respecter et promouvoir les droits de ses citoyens, y compris pour son ferme plaidoyer en faveur des droits et de l\u2019\u00e9galit\u00e9 des femmes. Le pr\u00e9sident Essebsi \u00e9tait un pionnier tunisien, arabe et africain et un leader mondial.<\/p>\n<p>Je pr\u00e9sente les condol\u00e9ances les plus sinc\u00e8res des Nations Unies \u00e0 la famille du Pr\u00e9sident Essebsi ainsi qu\u2019au peuple et au gouvernement tunisiens. \u00bb<\/p>\n<p>L\u2019ensemble du personnel des Nations Unies en Tunisie s\u2019associe au message du Secr\u00e9taire G\u00e9n\u00e9ral et adresse ses condol\u00e9ances les plus \u00e9mues \u00e0 la famille du Pr\u00e9sident Essebsi, au gouvernement et au peuple tunisien. Nous sommes tr\u00e8s attrist\u00e9s par sa disparition.En m\u00eame temps, nous sommes admiratifs et reconnaissants pour le r\u00f4le exceptionnel jou\u00e9 par le Pr\u00e9sident Essebsi en Tunisie, qui est un mod\u00e8le pour la r\u00e9gion et le monde. Le Syst\u00e8me des Nations Unies se tient aux c\u00f4t\u00e9s de la Tunisie pour continuer \u00e0 consolider son devenir d\u00e9mocratique et l\u2019appuyer pour garantir un d\u00e9veloppement durable au b\u00e9n\u00e9fice de toutes les tunisiennes et de tous les Tunisiens.\u00a0\u00bb<\/p>\n<p>Auteur:<br \/>\n<a href=\"https:\/\/www.leaders.com.tn\/article\/27589-l-hommage-de-l-onu-le-president-essebsi-etait-un-pionnier-tunisien-arabe-et-africain-et-un-leader-mondial\">Cliquez ici pour lire l&rsquo;article depuis sa source.<\/a><\/p>\n","protected":false},"excerpt":{"rendered":"<p>Le Secr\u00e9taire G\u00e9n\u00e9ral des Nations Unies s\u2019est\u00a0 d\u00e9clar\u00e9 \u00ab profond\u00e9ment attrist\u00e9 d&rsquo;apprendre le d\u00e9c\u00e8s du Pr\u00e9sident tunisien Beji Caid Essebsi, un personnage central de l&rsquo;histoire de la Tunisie et de l&rsquo;ind\u00e9pendance du pays. Ces derni\u00e8res ann\u00e9es, il a jou\u00e9 un r\u00f4le d\u00e9terminant pour mener le pays avec succ\u00e8s dans une transition vers la d\u00e9mocratie historique [&hellip;]<\/p>\n","protected":false},"author":1772,"featured_media":48560,"comment_status":"closed","ping_status":"closed","sticky":false,"template":"","format":"standard","meta":{"fifu_image_url":"","fifu_image_alt":"","footnotes":""},"categories":[73,55],"tags":[],"class_list":["post-48558","post","type-post","status-publish","format-standard","has-post-thumbnail","hentry","category-actualite","category-tunisie"],"_links":{"self":[{"href":"https:\/\/linitiative.ca\/International\/wp-json\/wp\/v2\/posts\/48558","targetHints":{"allow":["GET"]}}],"collection":[{"href":"https:\/\/linitiative.ca\/International\/wp-json\/wp\/v2\/posts"}],"about":[{"href":"https:\/\/linitiative.ca\/International\/wp-json\/wp\/v2\/types\/post"}],"author":[{"embeddable":true,"href":"https:\/\/linitiative.ca\/International\/wp-json\/wp\/v2\/users\/1772"}],"replies":[{"embeddable":true,"href":"https:\/\/linitiative.ca\/International\/wp-json\/wp\/v2\/comments?post=48558"}],"version-history":[{"count":0,"href":"https:\/\/linitiative.ca\/International\/wp-json\/wp\/v2\/posts\/48558\/revisions"}],"wp:featuredmedia":[{"embeddable":true,"href":"https:\/\/linitiative.ca\/International\/wp-json\/"}],"wp:attachment":[{"href":"https:\/\/linitiative.ca\/International\/wp-json\/wp\/v2\/media?parent=48558"}],"wp:term":[{"taxonomy":"category","embeddable":true,"href":"https:\/\/linitiative.ca\/International\/wp-json\/wp\/v2\/categories?post=48558"},{"taxonomy":"post_tag","embeddable":true,"href":"https:\/\/linitiative.ca\/International\/wp-json\/wp\/v2\/tags?post=48558"}],"curies":[{"name":"wp","href":"https:\/\/api.w.org\/{rel}","templated":true}]}}