{"id":48565,"date":"2019-07-25T19:23:00","date_gmt":"2019-07-25T23:23:00","guid":{"rendered":"https:\/\/linitiative.ca\/International\/le-president-du-portugal-des-ce-vendredi-soir-a-tunis-pour-les-funerailles-de-caid-essebsi\/"},"modified":"2019-07-25T19:23:00","modified_gmt":"2019-07-25T23:23:00","slug":"le-president-du-portugal-des-ce-vendredi-soir-a-tunis-pour-les-funerailles-de-caid-essebsi","status":"publish","type":"post","link":"https:\/\/linitiative.ca\/International\/le-president-du-portugal-des-ce-vendredi-soir-a-tunis-pour-les-funerailles-de-caid-essebsi\/","title":{"rendered":"Le pr\u00e9sident du Portugal, d\u00e8s ce vendredi soir \u00e0 Tunis pour les fun\u00e9railles de Ca\u00efd Essebsi"},"content":{"rendered":"<p>Le pr\u00e9sident du Portugal, Marcelo Rebelo de Sousa, est annonc\u00e9 \u00e0 Tunis, ce vendredi soir pour prendre part, samedi matin aux fun\u00e9railles du pr\u00e9sident B\u00e9ji Ca\u00efd Essebsi. C&rsquo;est ce qu&rsquo;a confirm\u00e9 \u00e0 <span class=\"c2\"><strong><em>Leaders<\/em><\/strong><\/span>, l&rsquo;ambassadeur du Portugal, \u00e0 Tunis, Jos\u00e9 Ludovic.<\/p>\n<p>Auteur:<br \/>\n<a href=\"https:\/\/www.leaders.com.tn\/article\/27590-le-president-du-portugal-des-ce-vendredi-soir-a-tunis-pour-les-funerailles-de-caid-essebsi\">Cliquez ici pour lire l&rsquo;article depuis sa source.<\/a><\/p>\n","protected":false},"excerpt":{"rendered":"<p>Le pr\u00e9sident du Portugal, Marcelo Rebelo de Sousa, est annonc\u00e9 \u00e0 Tunis, ce vendredi soir pour prendre part, samedi matin aux fun\u00e9railles du pr\u00e9sident B\u00e9ji Ca\u00efd Essebsi. C&rsquo;est ce qu&rsquo;a confirm\u00e9 \u00e0 Leaders, l&rsquo;ambassadeur du Portugal, \u00e0 Tunis, Jos\u00e9 Ludovic. Auteur: Cliquez ici pour lire l&rsquo;article depuis sa source.<\/p>\n","protected":false},"author":1772,"featured_media":0,"comment_status":"closed","ping_status":"closed","sticky":false,"template":"","format":"standard","meta":{"fifu_image_url":"","fifu_image_alt":"","footnotes":""},"categories":[73,55],"tags":[],"class_list":["post-48565","post","type-post","status-publish","format-standard","hentry","category-actualite","category-tunisie"],"_links":{"self":[{"href":"https:\/\/linitiative.ca\/International\/wp-json\/wp\/v2\/posts\/48565","targetHints":{"allow":["GET"]}}],"collection":[{"href":"https:\/\/linitiative.ca\/International\/wp-json\/wp\/v2\/posts"}],"about":[{"href":"https:\/\/linitiative.ca\/International\/wp-json\/wp\/v2\/types\/post"}],"author":[{"embeddable":true,"href":"https:\/\/linitiative.ca\/International\/wp-json\/wp\/v2\/users\/1772"}],"replies":[{"embeddable":true,"href":"https:\/\/linitiative.ca\/International\/wp-json\/wp\/v2\/comments?post=48565"}],"version-history":[{"count":0,"href":"https:\/\/linitiative.ca\/International\/wp-json\/wp\/v2\/posts\/48565\/revisions"}],"wp:attachment":[{"href":"https:\/\/linitiative.ca\/International\/wp-json\/wp\/v2\/media?parent=48565"}],"wp:term":[{"taxonomy":"category","embeddable":true,"href":"https:\/\/linitiative.ca\/International\/wp-json\/wp\/v2\/categories?post=48565"},{"taxonomy":"post_tag","embeddable":true,"href":"https:\/\/linitiative.ca\/International\/wp-json\/wp\/v2\/tags?post=48565"}],"curies":[{"name":"wp","href":"https:\/\/api.w.org\/{rel}","templated":true}]}}