{"id":48566,"date":"2019-07-25T12:20:58","date_gmt":"2019-07-25T16:20:58","guid":{"rendered":"https:\/\/linitiative.ca\/International\/complexe-sportif-doran-12-milliard-da-debloque-pour-accelerer-les-travaux\/"},"modified":"2019-07-25T12:20:58","modified_gmt":"2019-07-25T16:20:58","slug":"complexe-sportif-doran-12-milliard-da-debloque-pour-accelerer-les-travaux","status":"publish","type":"post","link":"https:\/\/linitiative.ca\/International\/complexe-sportif-doran-12-milliard-da-debloque-pour-accelerer-les-travaux\/","title":{"rendered":"Complexe sportif d\u2019Oran: 1,2 milliard DA d\u00e9bloqu\u00e9 pour acc\u00e9l\u00e9rer les travaux"},"content":{"rendered":"<div>\n<div class=\"K2FeedImage\"><img decoding=\"async\" src=\"http:\/\/www.aps.dz\/media\/k2\/items\/cache\/71e96bac8262c3a9e524d06cf4599ff2_S.jpg\" alt=\"Complexe sportif d\u2019Oran: 1,2 milliard DA d\u00e9bloqu\u00e9 pour acc\u00e9l\u00e9rer les travaux\"><\/div>\n<div class=\"K2FeedIntroText\">\n<p><strong>ORAN\u2013 Une enveloppe de pr\u00e8s de 1,2 milliard DA a \u00e9t\u00e9 d\u00e9bloqu\u00e9e derni\u00e8rement par l\u2019Etat pour lever des contraintes li\u00e9es au projet de r\u00e9alisation du complexe sportif d\u2019Oran, a indiqu\u00e9 jeudi le ministre de l\u2019Habitat, de l\u2019urbanisme et de la ville, Kamel Beldjoud, en marge de sa visite sur site.<\/strong><\/p>\n<\/div>\n<div class=\"K2FeedFullText\">\n<p>Pr\u00e9sidant la commission interminist\u00e9rielle technique, mise en place par le Premier ministre, Noureddine Bedoui, en juin dernier, pour suivre les pr\u00e9paratifs des diff\u00e9rents projets programm\u00e9s pour les Jeux M\u00e9diterran\u00e9ens de 2021 \u00e0 Oran, M. Beldjoud a effectu\u00e9 pour l\u2019occasion sa deuxi\u00e8me visite dans la capitale de l\u2019Ouest, en l\u2019espace de moins d\u2019un mois.<\/p>\n<p>\u00ab\u00a0Apr\u00e8s notre premi\u00e8re visite sur les lieux et au cours de laquelle nous avons \u00e9t\u00e9 inform\u00e9s de tous les obstacles p\u00e9nalisant la bonne marche des travaux au niveau des chantiers du complexe sportif, des mesures concr\u00e8tes ont \u00e9t\u00e9 prises par le Premier ministre ayant permis de lever plusieurs contraintes d\u2019ordre financier\u00a0\u00bb, a indiqu\u00e9 Kamel Beldjoud, accompagn\u00e9 lors de cette sortie du ministre des Travaux publics et des transport, Mustapha Kouraba.\u00a0<\/p>\n<p><em><strong>\u00ab\u00a0Par ces d\u00e9marches ayant permis notamment de satisfaire les dol\u00e9ances de l\u2019entreprise r\u00e9alisatrice du projet (MCC), il appartient \u00e0 cette derni\u00e8re d\u2019honorer ses engagements\u00a0\u00bb<\/strong><\/em>, a-t-il soulign\u00e9.<\/p>\n<p>Au cours de sa visite dans les chantiers du complexe sportif, implant\u00e9 \u00e0 Bir El Djir (Est d\u2019Oran) comprenant un stade de football de 40.000 places, un stade d\u2019athl\u00e9tisme de 4.200 places, une salle omnisports (6.000 places) et un centre nautique de trois bassins, dont deux olympiques, le ministre a surtout relev\u00e9 que le nombre d\u2019ouvrier affect\u00e9s sur le site &lsquo;reste encore insuffisant\u00a0\u00bb, insistant aupr\u00e8s des responsables de MCC de redoubler la cadence des travaux en renfor\u00e7ant ses effectifs et \u00e0 opter pour une main d\u2019\u0153uvre qualifi\u00e9e.<\/p>\n<p>Inform\u00e9 de la d\u00e9cision d\u2019une trentaine de soci\u00e9t\u00e9s sous-traitantes de cesser leurs activit\u00e9s au niveau des chantiers du complexe, M. Beldjoud a somm\u00e9 les responsables de MCC d\u2019honorer leurs engagements vis-\u00e0-vis de ces sous-traitants pour que ces derniers s\u2019acquittent des missions qui leur sont confi\u00e9es.\u00a0\u00a0\u00a0\u00a0\u00a0\u00a0<\/p>\n<p>Autre probl\u00e8me de taille \u00e9voqu\u00e9 \u00e0 l\u2019occasion de cette visite a trait au lancement des travaux de la semence de la pelouse du stade de football, une op\u00e9ration confi\u00e9e \u00e0 l\u2019entreprise \u00ab\u00a0Natural Grass Africa\u00a0\u00bb dont le responsable s\u2019est plaint aupr\u00e8s du ministre concernant le blocage du mat\u00e9riel y inh\u00e9rent au niveau du chantier du nouveau stade de Tizi Ouzou.<\/p>\n<p>Cette entreprise s\u2019est engag\u00e9e, toutefois, \u00e0 lancer l\u2019op\u00e9ration de semence de la pelouse le 20 ao\u00fbt prochain, apr\u00e8s avoir re\u00e7u des assurances de la part de M. Beldjoud pour r\u00e9gler le probl\u00e8me du mat\u00e9riel en question.<\/p>\n<p>Dans la foul\u00e9e, le ministre a ordonn\u00e9 \u00e0 l\u2019entreprise chinoise (MCC) de payer ses cr\u00e9ances envers \u00ab\u00a0Natural Grass Africa\u00a0\u00bb et les autres intervenants, afin de les mobiliser pour que le complexe sportif, dans son ensemble, soit livr\u00e9 <em><strong>\u00ab\u00a0avant juin 2020\u00a0\u00bb<\/strong><\/em>, une ann\u00e9e avant le d\u00e9but du rendez-vous des J.M, pr\u00e9vu du 25 juin au 5 juillet 2021.<\/p>\n<hr>\n<p><a href=\"http:\/\/www.aps.dz\/sport\/92196-jm-2021-les-dernieres-mesures-du-gouvernement-ont-redynamise-les-preparatifs-de-la-19e-edition\">Lire aussi :\u00a0JM -2021: les derni\u00e8res mesures du gouvernement ont redynamis\u00e9 les pr\u00e9paratifs de la 19e \u00e9dition<\/a><\/p>\n<hr>\n<p>Lors de sa visite \u00e0 Oran, M. Beldjoud a \u00e9galement visit\u00e9 le village m\u00e9diterran\u00e9en o\u00f9 la soci\u00e9t\u00e9 chinoise charg\u00e9e de sa r\u00e9alisation (CSEC), ainsi que les autres intervenants ont not\u00e9 avec satisfaction la lev\u00e9e de toutes les contraintes permettant d\u2019avancer consid\u00e9rablement dans les travaux de cette infrastructure d\u00e9di\u00e9e \u00e0 l\u2019h\u00e9bergement des athl\u00e8tes et leurs accompagnateurs.<\/p>\n<p>Le taux d\u2019avancement des blocs d\u2019h\u00e9bergement (4.800 lits) et les diff\u00e9rentes annexes du village est estim\u00e9 \u00e0 75%, selon l\u2019expos\u00e9 pr\u00e9sent\u00e9 au ministre par les services concern\u00e9s qui s\u2019engagent \u00e0 le livrer avant juin 2020.<\/p>\n<\/div>\n<\/div>\n<p>Auteur:<br \/>\n<a href=\"http:\/\/www.aps.dz\/regions\/92464-complexe-sportif-d-oran-1-2-milliard-da-debloque-pour-accelerer-les-travaux\">Cliquez ici pour lire l&rsquo;article depuis sa source.<\/a><\/p>\n","protected":false},"excerpt":{"rendered":"<p>ORAN\u2013 Une enveloppe de pr\u00e8s de 1,2 milliard DA a \u00e9t\u00e9 d\u00e9bloqu\u00e9e derni\u00e8rement par l\u2019Etat pour lever des contraintes li\u00e9es au projet de r\u00e9alisation du complexe sportif d\u2019Oran, a indiqu\u00e9 jeudi le ministre de l\u2019Habitat, de l\u2019urbanisme et de la ville, Kamel Beldjoud, en marge de sa visite sur site. Pr\u00e9sidant la commission interminist\u00e9rielle technique, [&hellip;]<\/p>\n","protected":false},"author":1790,"featured_media":48567,"comment_status":"closed","ping_status":"closed","sticky":false,"template":"","format":"standard","meta":{"fifu_image_url":"","fifu_image_alt":"","footnotes":""},"categories":[53,76],"tags":[],"class_list":["post-48566","post","type-post","status-publish","format-standard","has-post-thumbnail","hentry","category-algerie","category-regions"],"_links":{"self":[{"href":"https:\/\/linitiative.ca\/International\/wp-json\/wp\/v2\/posts\/48566","targetHints":{"allow":["GET"]}}],"collection":[{"href":"https:\/\/linitiative.ca\/International\/wp-json\/wp\/v2\/posts"}],"about":[{"href":"https:\/\/linitiative.ca\/International\/wp-json\/wp\/v2\/types\/post"}],"author":[{"embeddable":true,"href":"https:\/\/linitiative.ca\/International\/wp-json\/wp\/v2\/users\/1790"}],"replies":[{"embeddable":true,"href":"https:\/\/linitiative.ca\/International\/wp-json\/wp\/v2\/comments?post=48566"}],"version-history":[{"count":0,"href":"https:\/\/linitiative.ca\/International\/wp-json\/wp\/v2\/posts\/48566\/revisions"}],"wp:featuredmedia":[{"embeddable":true,"href":"https:\/\/linitiative.ca\/International\/wp-json\/"}],"wp:attachment":[{"href":"https:\/\/linitiative.ca\/International\/wp-json\/wp\/v2\/media?parent=48566"}],"wp:term":[{"taxonomy":"category","embeddable":true,"href":"https:\/\/linitiative.ca\/International\/wp-json\/wp\/v2\/categories?post=48566"},{"taxonomy":"post_tag","embeddable":true,"href":"https:\/\/linitiative.ca\/International\/wp-json\/wp\/v2\/tags?post=48566"}],"curies":[{"name":"wp","href":"https:\/\/api.w.org\/{rel}","templated":true}]}}