{"id":48573,"date":"2019-07-26T03:34:16","date_gmt":"2019-07-26T07:34:16","guid":{"rendered":"https:\/\/linitiative.ca\/International\/medef-gicam-partenariat-relance-pour-ameliorer-lenvironnement-des-affaires\/"},"modified":"2019-07-26T03:34:16","modified_gmt":"2019-07-26T07:34:16","slug":"medef-gicam-partenariat-relance-pour-ameliorer-lenvironnement-des-affaires","status":"publish","type":"post","link":"https:\/\/linitiative.ca\/International\/medef-gicam-partenariat-relance-pour-ameliorer-lenvironnement-des-affaires\/","title":{"rendered":"Medef-Gicam : partenariat relanc\u00e9 pour am\u00e9liorer l\u2019environnement des affaires"},"content":{"rendered":"<p>\u00ab\u00a0<em>C\u2019\u00e9tait une r\u00e9union de prise de contact le nouveau Pr\u00e9sident du MEDEF que nous avons tenu \u00e0 f\u00e9liciter. En m\u00eame temps, nous avons profit\u00e9 de l\u2019occasion pour expliquer la situation \u00e9conomique du Cameroun, la situation des entreprises fran\u00e7aises et surtout faire part du potentiel dont regorge le Cameroun malgr\u00e9 un environnement difficile, et solliciter l\u2019accompagnement, l\u2019assistance et l\u2019appui du patronat fran\u00e7ais<\/em>\u00a0\u00bb. C\u00e9lestin Tawamba, sourire en coin, semblait satisfait de ce premier contact avec celui qui, depuis quelques mois, a remplac\u00e9 Pierre Gattaz \u00e0 la t\u00eate du patronat fran\u00e7ais.<\/p>\n<p>Ce \u00e0 quoi, en compl\u00e9ment, Geoffroy Roux de Bezieux a r\u00e9pondu\u00a0: \u00ab\u00a0<em>On retient plusieurs choses. D\u2019abord le fait que le Cameroun est dans une situation difficile sur le plan \u00e9conomique mais difficile aussi sur le plan de la gouvernance et que les entreprises fran\u00e7aises ont historiquement une place importante mais qu\u2019elles reculent\u00a0; certaines quittent le Cameroun ce qui est dommage. On peut aussi comprendre que quelques fois le contexte n\u2019est pas forcement favorable. Donc c\u2019est une premi\u00e8re prise de contact\u00a0; j\u2019esp\u00e8re qu\u2019on aura l\u2019occasion de se revoir notamment pour le sommet Afrique-France qui est organis\u00e9 l\u2019ann\u00e9e prochaine \u00e0 Bordeaux, qui sera l\u2019occasion de renforcer notre coop\u00e9ration<\/em>.\u00a0\u00bb<\/p>\n<p>De fait, en une heure de discussions, sur un ton \u00e0 la fois grave et plein d\u2019humour, les deux pr\u00e9sidents ont fait le point d\u2019un environnement des affaires au Cameroun plut\u00f4t pr\u00e9occupant\u00a0: \u00ab\u00a0<em>contexte politique, social et s\u00e9curitaire difficile, conjoncture internationale tout aussi difficile, obstacles r\u00e9currents dont la fiscalit\u00e9 confiscatoire \u00e0 laquelle vient de se greffer la p\u00e9nurie des devises. Toutes les entreprises sont touch\u00e9es quelles que soient leur taille ou la nationalit\u00e9 de leur capital<\/em>\u00a0\u00bb. Et si le taux de croissance situ\u00e9 \u00e0 4% est prometteur, l\u2019on reste loin du potentiel qui serait de l\u2019ordre de 8-10%. La solution passe par des investissements accrus, ce qui est loin d\u2019\u00eatre \u00e9vident avec des entreprises qui r\u00e9duisent la voilure voire se d\u00e9sengagent.\u00a0\u00bb<\/p>\n<p>Un tableau manifestement sombre donc, qui demande plus que jamais d\u2019unir les forces, de mutualiser les efforts. Voil\u00e0 pourquoi les deux parties sont convenus de la place et du r\u00f4le essentiel que doivent jouer les deux patronats et les entreprises, sur lesquels reposent tous les espoirs pour un rel\u00e8vement du niveau de l\u2019investissement.<\/p>\n<p>L\u2019un des instruments sera la revitalisation de la convention de partenariat sign\u00e9e entre les deux patronats le 31 janvier 2018, et qui mettra l\u2019accent, entre autres, sur deux sujets majeurs\u00a0: Entrepreneuriat et PME d\u2019une part, et Emploi des Jeunes d\u2019autre part.<\/p>\n<p>De mani\u00e8re g\u00e9n\u00e9rale, les deux responsables patronaux se sont dit satisfaits de cette premi\u00e8re rencontre. D\u2019autres suivront dont notamment l\u2019une \u00e0 la fin octobre 2019 dans le cadre d\u2019une r\u00e9flexion \u00e0 Paris sur les PME \u00e0 laquelle des patronats seront convi\u00e9s et appel\u00e9s \u00e0 faciliter la participation de PME. L\u2019autre en juin 2020 en marge du Sommet Afrique \u2013 France organis\u00e9 \u00e0 Bordeaux autour du th\u00e8me de la ville et des territoires durables.<\/p>\n<div class=\"about-author about-author-box container-wrapper\">\n<div class=\"author-avatar\">\n<p><img decoding=\"async\" src=\"http:\/\/\" alt=\"\"\/><\/p>\n<\/div>\n<p><h4>La R\u00e9daction EcoMatin<\/h4>\n<\/p>\n<\/div>\n<div class=\"awac-wrapper awac widget blog_subscription-2\">\n<h4 class=\"widget-title\">Abonnez-vous \u00e0 notre lettre d&rsquo;information<\/h4>\n<\/div>\n<p>Auteur: EcoMatin<br \/>\n<a href=\"https:\/\/ecomatin.net\/medef-gicam-partenariat-relance-pour-ameliorer-lenvironnement-des-affaires\/\">Cliquez ici pour lire l&rsquo;article depuis sa source.<\/a><\/p>\n","protected":false},"excerpt":{"rendered":"<p>\u00ab\u00a0C\u2019\u00e9tait une r\u00e9union de prise de contact le nouveau Pr\u00e9sident du MEDEF que nous avons tenu \u00e0 f\u00e9liciter. En m\u00eame temps, nous avons profit\u00e9 de l\u2019occasion pour expliquer la situation \u00e9conomique du Cameroun, la situation des entreprises fran\u00e7aises et surtout faire part du potentiel dont regorge le Cameroun malgr\u00e9 un environnement difficile, et solliciter l\u2019accompagnement, [&hellip;]<\/p>\n","protected":false},"author":1969,"featured_media":0,"comment_status":"closed","ping_status":"closed","sticky":false,"template":"","format":"standard","meta":{"fifu_image_url":"","fifu_image_alt":"","footnotes":""},"categories":[82,78],"tags":[],"class_list":["post-48573","post","type-post","status-publish","format-standard","hentry","category-cameroun","category-economie"],"_links":{"self":[{"href":"https:\/\/linitiative.ca\/International\/wp-json\/wp\/v2\/posts\/48573","targetHints":{"allow":["GET"]}}],"collection":[{"href":"https:\/\/linitiative.ca\/International\/wp-json\/wp\/v2\/posts"}],"about":[{"href":"https:\/\/linitiative.ca\/International\/wp-json\/wp\/v2\/types\/post"}],"author":[{"embeddable":true,"href":"https:\/\/linitiative.ca\/International\/wp-json\/wp\/v2\/users\/1969"}],"replies":[{"embeddable":true,"href":"https:\/\/linitiative.ca\/International\/wp-json\/wp\/v2\/comments?post=48573"}],"version-history":[{"count":0,"href":"https:\/\/linitiative.ca\/International\/wp-json\/wp\/v2\/posts\/48573\/revisions"}],"wp:attachment":[{"href":"https:\/\/linitiative.ca\/International\/wp-json\/wp\/v2\/media?parent=48573"}],"wp:term":[{"taxonomy":"category","embeddable":true,"href":"https:\/\/linitiative.ca\/International\/wp-json\/wp\/v2\/categories?post=48573"},{"taxonomy":"post_tag","embeddable":true,"href":"https:\/\/linitiative.ca\/International\/wp-json\/wp\/v2\/tags?post=48573"}],"curies":[{"name":"wp","href":"https:\/\/api.w.org\/{rel}","templated":true}]}}