{"id":48574,"date":"2019-07-26T03:45:51","date_gmt":"2019-07-26T07:45:51","guid":{"rendered":"https:\/\/linitiative.ca\/International\/mc2-les-non-dits-du-depart-de-paul-kammogne-fokam\/"},"modified":"2019-07-26T03:45:51","modified_gmt":"2019-07-26T07:45:51","slug":"mc2-les-non-dits-du-depart-de-paul-kammogne-fokam","status":"publish","type":"post","link":"https:\/\/linitiative.ca\/International\/mc2-les-non-dits-du-depart-de-paul-kammogne-fokam\/","title":{"rendered":"MC2 : les non-dits du d\u00e9part de Paul Kammogne Fokam"},"content":{"rendered":"<p>Depuis le 07 mai 2018, <strong>Paul Kammogne Fokam<\/strong> a fait part au Premier ministre camerounais de sa d\u00e9cision de quitter les Mutuelles communautaires de croissance (<strong>MC2<\/strong>), un r\u00e9seau de <strong>125 \u00e9tablissements<\/strong> de microfinance (Emf) qu\u2019il parraine\u00a0 depuis 1992 \u00e0 travers <strong>Afriland First Bank<\/strong>, filiale du holding bancaire <strong>Afriland First Group (AFG<\/strong>) qui lui appartient. Le magnat de la banque estime, dans une correspondance cit\u00e9e par Le Jour, que la dynamique de d\u00e9veloppement d\u00e9centralis\u00e9e qui a sous-tendu jusque-l\u00e0 le mod\u00e8le MC2 <em>\u00ab est mise \u00e0 mal depuis quelques temps par une nouvelle r\u00e8glementation supranationale<\/em> \u00bb. Il s\u2019agit, en l\u2019occurrence, du r\u00e8glement 1\/17\/Cemac\/Umac\/Cobac du 17 septembre 2017, qui fixe les r\u00e8gles relatives aux conditions d\u2019exercice et de contr\u00f4le de l\u2019activit\u00e9 de microfinance au sein de la Communaut\u00e9 \u00e9conomique et mon\u00e9taire de l\u2019Afrique centrale (Cemac). Celui-ci, fait savoir Paul Kammogne Fokam, est \u00ab <em>de nature \u00e0 mettre en p\u00e9ril tout le travail accompli \u00e0 ce jour dans le domaine de la lutte contre la pauvret\u00e9<\/em> \u00bb.<\/p>\n<p>Par exemple, pointe-t-il, \u00ab <em>l\u2019obligation par les nouveaux textes d\u2019appartenir \u00e0 un r\u00e9seau avant m\u00eame d\u2019exister viole tous les principes fondamentaux du mouvement MC2 et rend le mod\u00e8le inop\u00e9rant<\/em> \u00bb. Or, rappelle-t-il, \u00ab <em>dans son pr\u00e9ambule, la Constitution camerounaise consacre la libert\u00e9 d\u2019association, laquelle se d\u00e9compose en libert\u00e9 d\u2019adh\u00e9rer \u00e0 une association ou pas, libert\u00e9 du choix du type d\u2019association, libert\u00e9 de quitter l\u2019association<\/em> \u00bb. Le capitaine d\u2019industrie pense que les nouveaux textes communautaires vont non seulement faire des promoteurs et propri\u00e9taires des r\u00e9seaux <em>\u00ab les maitres des populations locales dont l\u2019aspiration l\u00e9gitime \u00e9tait simplement de prendre leur destin en main en cr\u00e9ant leur propre microstructure financi\u00e8re autonome dans leurs localit\u00e9s, en assumant ainsi les risques et profits<\/em> \u00bb, mais aussi ils exposent \u00ab <em>les structures du mod\u00e8le MC2 au risque syst\u00e9mique<\/em>\u00a0\u00bb.<\/p>\n<p><strong>Responsabilit\u00e9s comptables<\/strong><\/p>\n<p>\u00ab <em>Dans la conception initiale du mod\u00e8le, la faillite d\u2019une unit\u00e9 dans une localit\u00e9 donn\u00e9e n\u2019impactait pas directement une unit\u00e9 situ\u00e9e dans une autre localit\u00e9. En appliquant cette nouvelle r\u00e8glementation, les fautes de gestion de chaque unit\u00e9 impactent automatiquement les autres unit\u00e9s environnantes<\/em> \u00bb. Dans sa lettre au Premier ministre rest\u00e9e sans suite, Paul Kammogne Fokam avait donn\u00e9 jusqu\u2019au mois de janvier 2019 pour se retirer d\u00e9finitivement. Il faut noter que, dans le mod\u00e8le des MC2, chacun des \u00e9tablissements est ind\u00e9pendant, mais tous\u00a0 leurs comptes sont log\u00e9s \u00e0 Afriland First Bank.<\/p>\n<p>Aujourd\u2019hui, il est demand\u00e9 \u00e0 P.K Fokam soit de les laisser se d\u00e9brouiller tout seuls, soit de les prendre en coordination. Il en deviendrait ainsi pleinement le responsable. \u00ab <em>S\u2019il les laisse, \u00e7a voudrait dire que chacun a d\u00e9sormais la libert\u00e9 de cr\u00e9er son \u00e9tablissement, de lui donner un nom et justifier sa comptabilit\u00e9 comme tout Emf normal<\/em> \u00bb, explique une source proche du dossier au minist\u00e8re des Finances. Dans le fond, elle pense que le magnat de la banque n\u2019a plus son int\u00e9r\u00eat dans l\u2019\u00e9cosyst\u00e8me MC2, qu\u2019il y aurait des responsabilit\u00e9s comptables que le patron d\u2019Afriland First Bank essaie d\u2019\u00e9viter. \u00ab <em>Il \u00e9voque des sujets plut\u00f4t philosophiques. La nouvelle r\u00e8glementation veut que les \u00e9tablissements de microfinance de premi\u00e8re cat\u00e9gorie soient, soit ind\u00e9pendants, soit qu\u2019ils appartiennent carr\u00e9ment \u00e0 un r\u00e9seau. Elle oblige son syst\u00e8me \u00e0 \u00eatre plus transparent<\/em> \u00bb.<\/p>\n<div class=\"about-author about-author-box container-wrapper\">\n<div class=\"author-avatar\">\n<p><img decoding=\"async\" src=\"http:\/\/\" alt=\"\"\/><\/p>\n<\/div>\n<p><h4>La R\u00e9daction EcoMatin<\/h4>\n<\/p>\n<\/div>\n<div class=\"awac-wrapper awac widget blog_subscription-2\">\n<h4 class=\"widget-title\">Abonnez-vous \u00e0 notre lettre d&rsquo;information<\/h4>\n<\/div>\n<p>Auteur: EcoMatin<br \/>\n<a href=\"https:\/\/ecomatin.net\/mc2-les-non-dits-du-depart-de-paul-kammogne-fokam\/\">Cliquez ici pour lire l&rsquo;article depuis sa source.<\/a><\/p>\n","protected":false},"excerpt":{"rendered":"<p>Depuis le 07 mai 2018, Paul Kammogne Fokam a fait part au Premier ministre camerounais de sa d\u00e9cision de quitter les Mutuelles communautaires de croissance (MC2), un r\u00e9seau de 125 \u00e9tablissements de microfinance (Emf) qu\u2019il parraine\u00a0 depuis 1992 \u00e0 travers Afriland First Bank, filiale du holding bancaire Afriland First Group (AFG) qui lui appartient. Le [&hellip;]<\/p>\n","protected":false},"author":1969,"featured_media":0,"comment_status":"closed","ping_status":"closed","sticky":false,"template":"","format":"standard","meta":{"fifu_image_url":"","fifu_image_alt":"","footnotes":""},"categories":[82,78],"tags":[],"class_list":["post-48574","post","type-post","status-publish","format-standard","hentry","category-cameroun","category-economie"],"_links":{"self":[{"href":"https:\/\/linitiative.ca\/International\/wp-json\/wp\/v2\/posts\/48574","targetHints":{"allow":["GET"]}}],"collection":[{"href":"https:\/\/linitiative.ca\/International\/wp-json\/wp\/v2\/posts"}],"about":[{"href":"https:\/\/linitiative.ca\/International\/wp-json\/wp\/v2\/types\/post"}],"author":[{"embeddable":true,"href":"https:\/\/linitiative.ca\/International\/wp-json\/wp\/v2\/users\/1969"}],"replies":[{"embeddable":true,"href":"https:\/\/linitiative.ca\/International\/wp-json\/wp\/v2\/comments?post=48574"}],"version-history":[{"count":0,"href":"https:\/\/linitiative.ca\/International\/wp-json\/wp\/v2\/posts\/48574\/revisions"}],"wp:attachment":[{"href":"https:\/\/linitiative.ca\/International\/wp-json\/wp\/v2\/media?parent=48574"}],"wp:term":[{"taxonomy":"category","embeddable":true,"href":"https:\/\/linitiative.ca\/International\/wp-json\/wp\/v2\/categories?post=48574"},{"taxonomy":"post_tag","embeddable":true,"href":"https:\/\/linitiative.ca\/International\/wp-json\/wp\/v2\/tags?post=48574"}],"curies":[{"name":"wp","href":"https:\/\/api.w.org\/{rel}","templated":true}]}}