{"id":48577,"date":"2019-07-26T06:50:03","date_gmt":"2019-07-26T10:50:03","guid":{"rendered":"https:\/\/linitiative.ca\/International\/climat-de-leurope-au-pole-nord-des-records-de-chaleur-en-2019\/"},"modified":"2019-07-26T06:50:03","modified_gmt":"2019-07-26T10:50:03","slug":"climat-de-leurope-au-pole-nord-des-records-de-chaleur-en-2019","status":"publish","type":"post","link":"https:\/\/linitiative.ca\/International\/climat-de-leurope-au-pole-nord-des-records-de-chaleur-en-2019\/","title":{"rendered":"Climat: de l\u2019Europe au p\u00f4le Nord, des records de chaleur en 2019"},"content":{"rendered":"<div readability=\"32\">\n<p>Publi\u00e9 le 26.07.2019 \u00e0 11h50 par AFP<\/p>\n<\/div>\n<div readability=\"157\">\n<p>L\u2019ann\u00e9e 2019 est loin d\u2019\u00eatre termin\u00e9e mais a d\u00e9j\u00e0 enregistr\u00e9 canicules et records de chaleur, de l\u2019Europe au p\u00f4le Nord, \u00e9v\u00e9nements coh\u00e9rents avec les impacts du r\u00e9chauffement climatique provoqu\u00e9 par les activit\u00e9s humaines.<\/p>\n<p>Les canicules \u00e0 r\u00e9p\u00e9tition sont un sympt\u00f4me sans \u00e9quivoque du r\u00e9chauffement de la plan\u00e8te, m\u00eame si les scientifiques sont souvent r\u00e9ticents \u00e0 attribuer un \u00e9v\u00e9n\u00e9ment m\u00e9t\u00e9o extr\u00eame sp\u00e9cifique quel qu\u2019il soit au d\u00e9r\u00e8glement climatique.<\/p>\n<p>\u2013 Le mois de juin le plus chaud \u2013<\/p>\n<p>Juin 2019 a \u00e9t\u00e9 le mois de juin le plus chaud jamais enregistr\u00e9 dans le monde, d\u00e9tr\u00f4nant juin 2016.<\/p>\n<p>Ce record s\u2019explique notamment par une canicule particuli\u00e8rement exceptionnelle en Europe qui a subi une temp\u00e9rature d\u2019environ 2\u00b0C sup\u00e9rieure \u00e0 la normale, selon le service europ\u00e9en Corpernicus sur le changement climatique.<\/p>\n<p>L\u2019Am\u00e9rique du sud a \u00e9galement v\u00e9cu son mois de juin le plus chaud, selon l\u2019Agence atmosph\u00e9rique am\u00e9ricaine (NOAA).<\/p>\n<p>\u2013 Records en s\u00e9rie en Europe \u2013<\/p>\n<p>L\u2019Europe a subi deux canicules en moins d\u2019un mois, une premi\u00e8re exceptionnellement pr\u00e9coce fin juin et une deuxi\u00e8me tr\u00e8s intense en juillet.<\/p>\n<p>Lors du premier \u00e9pisode, la France a pulv\u00e9ris\u00e9 son record absolu de chaleur avec 46\u00b0C mesur\u00e9s le 28 juin \u00e0 V\u00e9rargues, dans le sud. Le pr\u00e9c\u00e9dent \u00e9tait de 44,1\u00b0C en 2003.<\/p>\n<p>Lors du deuxi\u00e8me \u00e9pisode qui se termine, les temp\u00e9ratures sont rest\u00e9es sous cette barre, mais la barre des 40\u00b0C, qui n\u2019\u00e9tait franchie que de fa\u00e7on exceptionnelle en France il y a encore un demi-si\u00e8cle, a \u00e9t\u00e9 d\u00e9pass\u00e9e dans de nombreuses villes dont Paris qui a explos\u00e9 son record (42,6\u00b0C, contre 40,4\u00b0C en 1947).<\/p>\n<p>De nombreux autres pays europ\u00e9ens ont battu cette semaine, parfois plusieurs fois, leur record absolu, comme l\u2019Allemagne (42,6\u00b0C), la Belgique (41,8\u00b0C) et les Pays-Bas (40,4\u00b0C).<\/p>\n<p>\u00ab\u00a0Depuis 2015, on voit des vagues de chaleur extr\u00eames qui se produisent tous les ans en Europe quelque part, soit en Europe du Sud, soit en Europe du Nord\u00a0\u00bb, a comment\u00e9 Robert Vautard, climatologue au Laboratoire des sciences du climat et de l\u2019environnement.<\/p>\n<p>Le chercheur et ses coll\u00e8gues du r\u00e9seau World Weather Attribution avaient estim\u00e9 d\u00e9but juillet que le r\u00e9chauffement climatique avait rendu la canicule de juin en France \u00ab\u00a0au moins cinq fois plus probable\u00a0\u00bb que si l\u2019homme n\u2019avait pas alt\u00e9r\u00e9 le climat. Ils doivent se pencher dans les jours qui viennent sur la canicule qui s\u2019ach\u00e8ve.<\/p>\n<p>Au premier semestre 2019, des canicules intenses ont \u00e9galement eu lieu en Australie, en Inde, au Pakistan et dans certaines zones du Moyen-Orient, selon l\u2019Organisation m\u00e9t\u00e9orologique mondiale (OMM), qui pr\u00e9dit d\u2019autres \u00e9pisodes pendant l\u2019\u00e9t\u00e9 de l\u2019h\u00e9misph\u00e8re nord.<\/p>\n<p>\u2013 P\u00f4le Nord \u2013<\/p>\n<p>Mi-juillet, le mercure a atteint 21\u00b0C \u00e0 Alert, endroit habit\u00e9 le plus septentrional de la plan\u00e8te, \u00e0 moins de 900 km du p\u00f4le Nord, \u00e9tablissant un \u00ab\u00a0record absolu\u00a0\u00bb de chaleur pour cette station.<\/p>\n<p>Le pr\u00e9c\u00e9dent record (20\u00b0C) remontait \u00e0 juillet 1956 mais, depuis 2012, plusieurs journ\u00e9es comprises entre 19 et 20\u00b0C ont \u00e9t\u00e9 enregistr\u00e9es dans cette station sur le rivage de l\u2019oc\u00e9an Arctique.<\/p>\n<p>\u2013 Quelle place pour 2019 ? \u2013<\/p>\n<p>Les quatre derni\u00e8res ann\u00e9es ont \u00e9t\u00e9 les plus chaudes jamais enregistr\u00e9es sur la plan\u00e8te, selon l\u2019ONU.<\/p>\n<p>2018 s\u2019\u00e9tait class\u00e9e au 4e rang, avec une temp\u00e9rature moyenne \u00e0 la surface du globe d\u2019environ 1\u00b0C sup\u00e9rieure \u00e0 l\u2019\u00e9poque pr\u00e9-industrielle.<\/p>\n<p>Avec +1,2\u00b0C, l\u2019ann\u00e9e 2016, marqu\u00e9e par l\u2019influence d\u2019un puissant el Ni\u00f1o, est pour l\u2019instant l\u2019ann\u00e9e la plus chaude, devant 2015 et 2017.<\/p>\n<p>Selon la NOAA, pour 2019, la p\u00e9riode de janvier-juin a \u00e9t\u00e9 la deuxi\u00e8me la plus chaude de l\u2019histoire des mesures, \u00e0 \u00e9galit\u00e9 avec janvier-juin 2017 et devant janvier-juin 2016.<\/p>\n<p>\u00ab\u00a0L\u2019OMM estime que 2019 devrait \u00eatre dans le top 5 des ann\u00e9es les plus chaudes et que 2015-2019 sera la p\u00e9riode cons\u00e9cutive de cinq ans la plus chaude jamais enregistr\u00e9e\u00a0\u00bb, a indiqu\u00e9 dans un communiqu\u00e9 Johannes Cullmann, directeur du d\u00e9partement Climat et Eau de l\u2019organisation.<\/p>\n<\/div>\n<p>Auteur: AFP<br \/>\n<a href=\"https:\/\/www.journalducameroun.com\/climat-de-leurope-au-pole-nord-des-records-de-chaleur-en-2019\/\">Cliquez ici pour lire l&rsquo;article depuis sa source.<\/a><\/p>\n","protected":false},"excerpt":{"rendered":"<p>Publi\u00e9 le 26.07.2019 \u00e0 11h50 par AFP L\u2019ann\u00e9e 2019 est loin d\u2019\u00eatre termin\u00e9e mais a d\u00e9j\u00e0 enregistr\u00e9 canicules et records de chaleur, de l\u2019Europe au p\u00f4le Nord, \u00e9v\u00e9nements coh\u00e9rents avec les impacts du r\u00e9chauffement climatique provoqu\u00e9 par les activit\u00e9s humaines. Les canicules \u00e0 r\u00e9p\u00e9tition sont un sympt\u00f4me sans \u00e9quivoque du r\u00e9chauffement de la plan\u00e8te, m\u00eame [&hellip;]<\/p>\n","protected":false},"author":1965,"featured_media":0,"comment_status":"closed","ping_status":"closed","sticky":false,"template":"","format":"standard","meta":{"fifu_image_url":"","fifu_image_alt":"","footnotes":""},"categories":[73,82],"tags":[],"class_list":["post-48577","post","type-post","status-publish","format-standard","hentry","category-actualite","category-cameroun"],"_links":{"self":[{"href":"https:\/\/linitiative.ca\/International\/wp-json\/wp\/v2\/posts\/48577","targetHints":{"allow":["GET"]}}],"collection":[{"href":"https:\/\/linitiative.ca\/International\/wp-json\/wp\/v2\/posts"}],"about":[{"href":"https:\/\/linitiative.ca\/International\/wp-json\/wp\/v2\/types\/post"}],"author":[{"embeddable":true,"href":"https:\/\/linitiative.ca\/International\/wp-json\/wp\/v2\/users\/1965"}],"replies":[{"embeddable":true,"href":"https:\/\/linitiative.ca\/International\/wp-json\/wp\/v2\/comments?post=48577"}],"version-history":[{"count":0,"href":"https:\/\/linitiative.ca\/International\/wp-json\/wp\/v2\/posts\/48577\/revisions"}],"wp:attachment":[{"href":"https:\/\/linitiative.ca\/International\/wp-json\/wp\/v2\/media?parent=48577"}],"wp:term":[{"taxonomy":"category","embeddable":true,"href":"https:\/\/linitiative.ca\/International\/wp-json\/wp\/v2\/categories?post=48577"},{"taxonomy":"post_tag","embeddable":true,"href":"https:\/\/linitiative.ca\/International\/wp-json\/wp\/v2\/tags?post=48577"}],"curies":[{"name":"wp","href":"https:\/\/api.w.org\/{rel}","templated":true}]}}