{"id":48580,"date":"2019-07-25T20:48:34","date_gmt":"2019-07-26T00:48:34","guid":{"rendered":"https:\/\/linitiative.ca\/International\/etat-de-la-population-mondiale-des-defis-a-relever\/"},"modified":"2019-07-25T20:48:34","modified_gmt":"2019-07-26T00:48:34","slug":"etat-de-la-population-mondiale-des-defis-a-relever","status":"publish","type":"post","link":"https:\/\/linitiative.ca\/International\/etat-de-la-population-mondiale-des-defis-a-relever\/","title":{"rendered":"Etat de la population mondiale: des d\u00e9fis \u00e0 relever"},"content":{"rendered":"<div class=\"td-post-featured-image\"><a href=\"https:\/\/i0.wp.com\/www.sidwaya.info\/wp-content\/uploads\/2019\/07\/pop026.gif?fit=787%2C589&#038;ssl=1\" data-caption=\"\"><img loading=\"lazy\" decoding=\"async\" width=\"696\" height=\"521\" class=\"entry-thumb td-modal-image\" src=\"https:\/\/i0.wp.com\/www.sidwaya.info\/wp-content\/uploads\/2019\/07\/pop026.gif?resize=696%2C521&#038;ssl=1\" alt=\"\" title=\"pop026\"\/><\/a><\/div>\n<p><strong>Le minist\u00e8re de l\u2019Economie, des Finances et du D\u00e9veloppement, en collaboration avec l\u2019UNFPA, a officiellement lanc\u00e9 le rapport sur l\u2019\u00e9tat de la population mondiale 2019, le jeudi 25 juillet dernier \u00e0 Ouagadougou.<\/strong><\/p>\n<p>A l\u2019occasion de la comm\u00e9moration de la 30e \u00e9dition de la journ\u00e9e mondiale de la population, le minist\u00e8re de l\u2019Economie, des Finances et du D\u00e9veloppement a officiellement lanc\u00e9 le rapport sur l\u2019\u00e9tat de la population 2019. C\u2019\u00e9tait le 25 juillet 2019, \u00e0 Ouagadougou. Articul\u00e9 autour du th\u00e8me\u00a0: \u00abUne t\u00e2che inachev\u00e9e\u00a0: la poursuite de l\u2019acquisition des droits et des choix pour tous\u00bb, ce rapport fait une analyse des 50 ans d\u2019engagement et d\u2019action de la Communaut\u00e9 internationale pour assurer une meilleure qualit\u00e9 de vie aux populations. Il comporte, comme chaque ann\u00e9e, des statistiques qui sont enrichies de t\u00e9moignages, selon le repr\u00e9sentant r\u00e9sident de l\u2019UNFPA au Burkina Faso, Auguste Kpognon. \u00abCe rapport montre que malgr\u00e9 les progr\u00e8s remarquables r\u00e9alis\u00e9s en mati\u00e8re de droit et de sant\u00e9 de la reproduction depuis 1994, date de la tenue de la Conf\u00e9rence internationale sur la population et le d\u00e9veloppement (CIPD) au Caire en Egypte, des millions de filles et de femmes n\u2019ont toujours pas b\u00e9n\u00e9fici\u00e9 des promesses de cette conf\u00e9rence\u00bb, a-t-il relev\u00e9. En effet, il en ressort que les contraceptifs ont fait chuter le nombre de grossesses non d\u00e9sir\u00e9es et de d\u00e9c\u00e8s maternels (24% des femmes utilisaient des contraceptifs modernes en 1969 contre 58% en 2019). Ainsi, le nombre moyen de naissance par femme est pass\u00e9 de 4,8 en 1969 \u00e0 2,5 aujourd\u2019hui. Et le nombre de d\u00e9c\u00e8s maternels qui \u00e9tait de 369 pour 100\u00a0000 naissances vivantes en 1994 est pass\u00e9 \u00e0 219 en 2015. Toujours selon le rapport, 25 ans apr\u00e8s la mise en \u0153uvre du programme d\u2019actions de la CIPD au Burkina Faso des avanc\u00e9es notables ont \u00e9t\u00e9 enregistr\u00e9s. \u00abLa pauvret\u00e9 a recul\u00e9 de 4,4 points soit de 44,5% en 1994 \u00e0 40,1% en 2014. Le quotient de mortalit\u00e9 infanto-juv\u00e9nile est pass\u00e9 de 187 pour 1000 en 1993 \u00e0 81,7 en 2015, tandis que le taux de mortalit\u00e9 maternelle est pass\u00e9 de 484\u00a0\u00e0 330 d\u00e9c\u00e8s pour 100\u00a0000 naissances vivantes entre 1993 et 2015\u00bb, a soulign\u00e9 le secr\u00e9taire g\u00e9n\u00e9ral du MINEFID, Dr Seglaro Abel Som\u00e9. A cela s\u2019ajoute le fait que la pr\u00e9valence contraceptive chez les femmes en union a \u00e9t\u00e9 multipli\u00e9e par 5 entre 1993 et 2015.<\/p>\n<p>Des besoins \u00e0 satisfaire<\/p>\n<p>Alors, l\u2019am\u00e9lioration de ces indicateurs a induit une baisse du nombre d\u2019enfants par femme de l\u2019ordre de 6,9 \u00e0 5,4 entre 1993 et 2015. \u00abEn d\u00e9pit de ces progr\u00e8s des 50 derni\u00e8res ann\u00e9es, il reste beaucoup \u00e0 faire, car la sant\u00e9 et les droits sexuels et g\u00e9n\u00e9siques demeurent encore des d\u00e9fis aux quatre coins du monde\u00bb, a indiqu\u00e9 le SG. Le rapport a en effet r\u00e9v\u00e9l\u00e9 que plus de 200 millions de femmes ont un besoin non satisfait en contraception moderne, et environ 650 millions de femmes en vie aujourd\u2019hui auraient \u00e9t\u00e9 mari\u00e9es durant l\u2019enfance. Aussi, le r\u00e9current ph\u00e9nom\u00e8ne du mariage des enfants qui diminue la chance de scolarisation des filles, les prive de leur pouvoir d\u2019agir et de leur autonomie au sein du foyer ainsi que des perspectives d\u2019avenir, a \u00e9t\u00e9 mis \u00e0 nu. Pour M. Som\u00e9, le rapport sur l\u2019\u00e9tat de la population mondiale 2019 interpelle la communaut\u00e9 internationale, la conscience collective et individuelle qu\u2019il est urgent de redoubler d\u2019efforts pour garantir \u00e0 tous le droit \u00e0 une vie digne et productive. Sur ce, il a invit\u00e9 l\u2019ensemble des acteurs du d\u00e9veloppement national \u00e0 faire de ce rapport une boussole pour orienter leurs actions afin d\u2019acc\u00e9l\u00e9rer les promesses du Caire au profit de tous. Pour sa part, le SG a donn\u00e9 l\u2019assurance que le gouvernement ne m\u00e9nagera aucun effort pour donner du contenu et se donner les moyens pour une pleine r\u00e9alisation de cet engagement.<\/p>\n<p>Kadi RABO<\/p>\n<div class=\"td-a-rec td-a-rec-id-content_bottom td_uid_30_5d3af7b1d93a6_rand td_block_template_1\"><img loading=\"lazy\" decoding=\"async\" class=\"aligncenter size-full wp-image-9623\" src=\"https:\/\/www.sidwaya.info\/wp-content\/uploads\/2019\/06\/Projet-bannie%CC%80re-Orange-mobile.jpg\" alt=\"\" width=\"728\" height=\"81\"\/><\/div>\n<p>Auteur: BM. Sidwaya<br \/>\n<a href=\"https:\/\/www.sidwaya.info\/blog\/2019\/07\/26\/etat-de-la-population-mondiale-des-defis-a-relever\/\">Cliquez ici pour lire l&rsquo;article depuis sa source.<\/a><\/p>\n","protected":false},"excerpt":{"rendered":"<p>Le minist\u00e8re de l\u2019Economie, des Finances et du D\u00e9veloppement, en collaboration avec l\u2019UNFPA, a officiellement lanc\u00e9 le rapport sur l\u2019\u00e9tat de la population mondiale 2019, le jeudi 25 juillet dernier \u00e0 Ouagadougou. A l\u2019occasion de la comm\u00e9moration de la 30e \u00e9dition de la journ\u00e9e mondiale de la population, le minist\u00e8re de l\u2019Economie, des Finances et [&hellip;]<\/p>\n","protected":false},"author":1816,"featured_media":0,"comment_status":"closed","ping_status":"closed","sticky":false,"template":"","format":"standard","meta":{"fifu_image_url":"","fifu_image_alt":"","footnotes":""},"categories":[73,81],"tags":[],"class_list":["post-48580","post","type-post","status-publish","format-standard","hentry","category-actualite","category-burkina-faso"],"_links":{"self":[{"href":"https:\/\/linitiative.ca\/International\/wp-json\/wp\/v2\/posts\/48580","targetHints":{"allow":["GET"]}}],"collection":[{"href":"https:\/\/linitiative.ca\/International\/wp-json\/wp\/v2\/posts"}],"about":[{"href":"https:\/\/linitiative.ca\/International\/wp-json\/wp\/v2\/types\/post"}],"author":[{"embeddable":true,"href":"https:\/\/linitiative.ca\/International\/wp-json\/wp\/v2\/users\/1816"}],"replies":[{"embeddable":true,"href":"https:\/\/linitiative.ca\/International\/wp-json\/wp\/v2\/comments?post=48580"}],"version-history":[{"count":0,"href":"https:\/\/linitiative.ca\/International\/wp-json\/wp\/v2\/posts\/48580\/revisions"}],"wp:attachment":[{"href":"https:\/\/linitiative.ca\/International\/wp-json\/wp\/v2\/media?parent=48580"}],"wp:term":[{"taxonomy":"category","embeddable":true,"href":"https:\/\/linitiative.ca\/International\/wp-json\/wp\/v2\/categories?post=48580"},{"taxonomy":"post_tag","embeddable":true,"href":"https:\/\/linitiative.ca\/International\/wp-json\/wp\/v2\/tags?post=48580"}],"curies":[{"name":"wp","href":"https:\/\/api.w.org\/{rel}","templated":true}]}}