{"id":48585,"date":"2019-07-26T06:50:09","date_gmt":"2019-07-26T10:50:09","guid":{"rendered":"https:\/\/linitiative.ca\/International\/deux-morts-dans-une-attaque-de-boko-haram-dans-le-nord-est-du-nigeria\/"},"modified":"2019-07-26T06:50:09","modified_gmt":"2019-07-26T10:50:09","slug":"deux-morts-dans-une-attaque-de-boko-haram-dans-le-nord-est-du-nigeria","status":"publish","type":"post","link":"https:\/\/linitiative.ca\/International\/deux-morts-dans-une-attaque-de-boko-haram-dans-le-nord-est-du-nigeria\/","title":{"rendered":"Deux morts dans une attaque de Boko Haram dans le nord-est du Nigeria"},"content":{"rendered":"<div readability=\"32\">\n<p>Publi\u00e9 le 26.07.2019 \u00e0 11h50 par AFP<\/p>\n<\/div>\n<div readability=\"101\">\n<p>Au moins deux personnes ont \u00e9t\u00e9 tu\u00e9es et plusieurs autres bless\u00e9es lors d\u2019une attaque du groupe islamiste Boko Haram contre un camp de d\u00e9plac\u00e9s pr\u00e8s de Maiduguri, dans le nord-est du Nigeria, ont annonc\u00e9 vendredi \u00e0 l\u2019AFP les services de secours locaux.<\/p>\n<p>Vers 18H45 GMT, des dizaines de jihadiste \u00e0 moto et en tricycles motoris\u00e9s ont attaqu\u00e9 le camp de d\u00e9plac\u00e9s de Dalori, en p\u00e9riph\u00e9rie de la capitale de l\u2019Etat du Borno.<\/p>\n<p>\u00ab\u00a0Nous avons retrouv\u00e9 deux cadavres dans l\u2019attaque, qui a \u00e9galement fait des bless\u00e9s\u00a0\u00bb, a d\u00e9clar\u00e9 Bello Danbatta, responsable de la s\u00e9curit\u00e9 \u00e0 l\u2019Agence de gestion des urgences du Borno (SEMA).<\/p>\n<p>\u00ab\u00a0Les insurg\u00e9s ont pill\u00e9 et incendi\u00e9 des magasins dans le camp et ont \u00e9galement emport\u00e9 des vivres dans le hangar principal o\u00f9 est stock\u00e9e l\u2019aide alimentaire\u00a0\u00bb, a-t-il pr\u00e9cis\u00e9.<\/p>\n<p>Selon des t\u00e9moignages d\u2019habitants, les assaillants avaient dans un premier temps attaqu\u00e9 une base militaire proche, o\u00f9 des \u00e9changes de tirs ont \u00e9t\u00e9 entendus.<\/p>\n<p>\u00ab\u00a0Ils (Boko Haram) ont pourchass\u00e9 les soldats et incendi\u00e9 la base avant de s\u2019introduire de force dans le camp en criant +Allahu Akbar+ (Dieu est grand)\u00a0\u00bb, a racont\u00e9 \u00e0 l\u2019AFP une d\u00e9plac\u00e9e, Aisa Kyarimi.<\/p>\n<p>\u00ab\u00a0Ils ont commenc\u00e9 \u00e0 tirer et nous avons tous fui le camp\u00a0\u00bb, a d\u00e9clar\u00e9 cette m\u00e8re de trois enfants.<\/p>\n<p>Hassan Modu, un milicien cens\u00e9 surveiller le camp, s\u2019est retrouv\u00e9 face aux assaillants alors qu\u2019il tentait de fuir.<\/p>\n<p>\u00ab\u00a0L\u2019un d\u2019eux a dit qu\u2019il fallait tuer l\u2019+infid\u00e8le+, mais un autre a dit qu\u2019il valait mieux se concentrer sur leur objectif. C\u2019est comme \u00e7a que je me suis \u00e9chapp\u00e9\u00a0\u00bb, a d\u00e9clar\u00e9 Modu. \u00ab\u00a0Ils \u00e9taient sans aucun doute l\u00e0 pour piller des vivres\u00a0\u00bb. Dalori, \u00e0 environ 15 kilom\u00e8tres de Maiduguri, abrite environ 50.000 d\u00e9plac\u00e9s internes dans des camps de fortune.<\/p>\n<p>La localit\u00e9 et le camp ont \u00e9t\u00e9 cibl\u00e9s \u00e0 plusieurs reprises lors d\u2019attaques de Boko Haram.<\/p>\n<p>En octobre 2018, deux d\u00e9plac\u00e9s avaient \u00e9t\u00e9 tu\u00e9s et une grande partie du camp incendi\u00e9 dans une attaque similaire.<\/p>\n<p>En juin 2017, deux femmes kamikazes s\u2019\u00e9taient fait exploser dans le camp, faisant plusieurs bless\u00e9s, juste apr\u00e8s une autre attaque-suicide ayant fait 16 morts dans le village voisin de Kofa.<\/p>\n<p>En janvier 2016, au moins 85 personnes avaient \u00e9t\u00e9 tu\u00e9es lorsque des insurg\u00e9s avaient pris d\u2019assaut Dalori.<\/p>\n<p>En dix ans, le conflit avec Boko Haram a fait plus de 27.000 morts et pr\u00e8s de deux millions de d\u00e9plac\u00e9s dans la r\u00e9gion du lac Tchad.<\/p>\n<\/div>\n<p>Auteur: AFP<br \/>\n<a href=\"https:\/\/www.journalducameroun.com\/deux-morts-dans-une-attaque-de-boko-haram-dans-le-nord-est-du-nigeria\/\">Cliquez ici pour lire l&rsquo;article depuis sa source.<\/a><\/p>\n","protected":false},"excerpt":{"rendered":"<p>Publi\u00e9 le 26.07.2019 \u00e0 11h50 par AFP Au moins deux personnes ont \u00e9t\u00e9 tu\u00e9es et plusieurs autres bless\u00e9es lors d\u2019une attaque du groupe islamiste Boko Haram contre un camp de d\u00e9plac\u00e9s pr\u00e8s de Maiduguri, dans le nord-est du Nigeria, ont annonc\u00e9 vendredi \u00e0 l\u2019AFP les services de secours locaux. Vers 18H45 GMT, des dizaines de [&hellip;]<\/p>\n","protected":false},"author":1965,"featured_media":0,"comment_status":"closed","ping_status":"closed","sticky":false,"template":"","format":"standard","meta":{"fifu_image_url":"","fifu_image_alt":"","footnotes":""},"categories":[73,82],"tags":[],"class_list":["post-48585","post","type-post","status-publish","format-standard","hentry","category-actualite","category-cameroun"],"_links":{"self":[{"href":"https:\/\/linitiative.ca\/International\/wp-json\/wp\/v2\/posts\/48585","targetHints":{"allow":["GET"]}}],"collection":[{"href":"https:\/\/linitiative.ca\/International\/wp-json\/wp\/v2\/posts"}],"about":[{"href":"https:\/\/linitiative.ca\/International\/wp-json\/wp\/v2\/types\/post"}],"author":[{"embeddable":true,"href":"https:\/\/linitiative.ca\/International\/wp-json\/wp\/v2\/users\/1965"}],"replies":[{"embeddable":true,"href":"https:\/\/linitiative.ca\/International\/wp-json\/wp\/v2\/comments?post=48585"}],"version-history":[{"count":0,"href":"https:\/\/linitiative.ca\/International\/wp-json\/wp\/v2\/posts\/48585\/revisions"}],"wp:attachment":[{"href":"https:\/\/linitiative.ca\/International\/wp-json\/wp\/v2\/media?parent=48585"}],"wp:term":[{"taxonomy":"category","embeddable":true,"href":"https:\/\/linitiative.ca\/International\/wp-json\/wp\/v2\/categories?post=48585"},{"taxonomy":"post_tag","embeddable":true,"href":"https:\/\/linitiative.ca\/International\/wp-json\/wp\/v2\/tags?post=48585"}],"curies":[{"name":"wp","href":"https:\/\/api.w.org\/{rel}","templated":true}]}}