{"id":48588,"date":"2019-07-25T20:52:14","date_gmt":"2019-07-26T00:52:14","guid":{"rendered":"https:\/\/linitiative.ca\/International\/fonction-publique-le-directeur-de-lorganisation-des-concours-limoge\/"},"modified":"2019-07-25T20:52:14","modified_gmt":"2019-07-26T00:52:14","slug":"fonction-publique-le-directeur-de-lorganisation-des-concours-limoge","status":"publish","type":"post","link":"https:\/\/linitiative.ca\/International\/fonction-publique-le-directeur-de-lorganisation-des-concours-limoge\/","title":{"rendered":"Fonction publique: le directeur de l\u2019organisation  des concours limog\u00e9"},"content":{"rendered":"<div class=\"td-post-featured-image\"><a href=\"https:\/\/i1.wp.com\/www.sidwaya.info\/wp-content\/uploads\/2019\/07\/ministre26.gif?fit=777%2C787&#038;ssl=1\" data-caption=\"\"><img loading=\"lazy\" decoding=\"async\" width=\"696\" height=\"705\" class=\"entry-thumb td-modal-image\" src=\"https:\/\/i1.wp.com\/www.sidwaya.info\/wp-content\/uploads\/2019\/07\/ministre26.gif?resize=696%2C705&#038;ssl=1\" alt=\"\" title=\"ministre26\"\/><\/a><\/div>\n<p><strong>Le conseil des ministres, tenu le jeudi 25 juillet 2019 \u00e0 Ouagadougou, a adopt\u00e9 des d\u00e9crets et ordonnances et d\u00e9cid\u00e9 du rel\u00e8vement de ses fonctions le directeur de l\u2019organisation des concours, Souleymane Zorom\u00e9.<\/strong><\/p>\n<p>Le ministre de la Communication et des Relations avec le Parlement, Porte-parole du gouvernement, R\u00e9mis Fulgance Dandjinou, a annonc\u00e9, \u00e0 la sortie du conseil des ministres du jeudi 25 juillet 2019, le rel\u00e8vement du directeur de l\u2019organisation des concours, Souleymane Zorom\u00e9, de ses fonctions \u00e0 l\u2019Agence g\u00e9n\u00e9rale de recrutement de l\u2019Etat. Cela, en lien avec des propos qu\u2019il a tenus, le 10 juillet dernier sur une cha\u00eene de t\u00e9l\u00e9vision de la place. En effet, avait-il notamment dit, \u00ables concours sont organis\u00e9s sur la base des textes d\u00e9pass\u00e9s \u2026 il y a eu trop de probl\u00e8mes l\u2019ann\u00e9e derni\u00e8re avec la correction \u00e9lectronique. Si je dois r\u00e9ellement d\u00e9crire ces conditions, tous les candidats vont se mettre \u00e0 protester\u00bb. Le ministre Dandjinou a \u00e9galement d\u00e9clar\u00e9 au sujet du d\u00e9c\u00e8s des 11 personnes \u00e0 l\u2019Unit\u00e9 anti-drogue de la Police nationale que l\u2019enqu\u00eate administrative est achev\u00e9e et qu\u2019un certain nombre de mesures vont \u00eatre diligent\u00e9es. Pour lui, les mesures conservatoires sont maintenues mais la suspension de certaines personnes de leurs postes va \u00eatre corrig\u00e9e parce que celles-ci avaient le droit d\u2019\u00eatre absentes. \u00abIl y avait une femme en cong\u00e9 de maternit\u00e9, et une autre personne en cong\u00e9 de maladie\u00bb, a-t-il justifi\u00e9.<br \/>Au titre du minist\u00e8re des Affaires \u00e9trang\u00e8res et de la Coop\u00e9ration, M. Dandjinou a fait cas de l\u2019adoption d\u2019un d\u00e9cret fixant les conditions d\u2019affectation et de s\u00e9jour dans les missions diplomatiques et postes consulaires du Burkina Faso \u00e0 l\u2019\u00e9tranger. A la suite de l\u2019adoption de ce d\u00e9cret, a-t-il ajout\u00e9, le ministre de tutelle et celui en charge des finances ont \u00e9t\u00e9 instruits de pr\u00e9senter au conseil en fin septembre 2020, une strat\u00e9gie pour l\u2019organisation interne des ambassades et une nouvelle carte diplomatique. Le ministre de la Communication a aussi \u00e9voqu\u00e9 l\u2019adoption d\u2019un accord entre l\u2019Etat et l\u2019Association internationale pour le d\u00e9veloppement pour un don de 54 milliards F CFA et d\u2019un pr\u00eat de 4 milliards francs CFA. Cela, a-t-il pr\u00e9cis\u00e9, est un financement additionnel du programme filets sociaux qui court jusqu\u2019au 31 mars 2024 au lieu du 31 ao\u00fbt 2020, comme initialement pr\u00e9vu. Il a, par ailleurs, rappel\u00e9 les r\u00e9sultats du recensement au minist\u00e8re de l\u2019Education nationale, de l\u2019Alphab\u00e9tisation et de la Promotion des langues nationales faisant \u00e9tat de 50\u00a0124 classes recens\u00e9es au primaire et un effectif d\u2019enseignants en classe de 68\u00a0088, soit un surplus de 18\u00a0964 travailleurs. A ce titre, un d\u00e9cret a \u00e9t\u00e9 adopt\u00e9 afin d\u2019encadrer les affectations. De m\u00eame, M. Dandjinou a affirm\u00e9 que la r\u00e9vision et la constitution des listes \u00e9lectorales biom\u00e9triques pour l\u2019ann\u00e9e 2020 a \u00e9t\u00e9 adopt\u00e9e et l\u2019op\u00e9ration est pr\u00e9vue du 1er janvier au 31 mars 2020.<br \/>Pour ce qui est des mouvements d\u2019humeur dans l\u2019administration publique, le conseil, selon le ministre Dandjinou, a d\u00e9cid\u00e9 de la saisine solennelle du Conseil d\u2019Etat pour se prononcer sur la nature des mouvements d\u2019humeur, et de l\u2019Autorit\u00e9 sup\u00e9rieure du contr\u00f4le d\u2019Etat et de la lutte contre la corruption (ASCE\/LC) pour un contr\u00f4le du fonctionnement de l\u2019administration.<\/p>\n<p>Tielm\u00e8 Innocent KAMBIRE<\/p>\n<div class=\"td-a-rec td-a-rec-id-content_bottom td_uid_30_5d3af7b51348c_rand td_block_template_1\"><img loading=\"lazy\" decoding=\"async\" class=\"aligncenter size-full wp-image-9623\" src=\"https:\/\/www.sidwaya.info\/wp-content\/uploads\/2019\/06\/Projet-bannie%CC%80re-Orange-mobile.jpg\" alt=\"\" width=\"728\" height=\"81\"\/><\/div>\n<p>Auteur: BM. Sidwaya<br \/>\n<a href=\"https:\/\/www.sidwaya.info\/blog\/2019\/07\/26\/fonction-publique-le-directeur-de-lorganisation-des-concours-limoge\/\">Cliquez ici pour lire l&rsquo;article depuis sa source.<\/a><\/p>\n","protected":false},"excerpt":{"rendered":"<p>Le conseil des ministres, tenu le jeudi 25 juillet 2019 \u00e0 Ouagadougou, a adopt\u00e9 des d\u00e9crets et ordonnances et d\u00e9cid\u00e9 du rel\u00e8vement de ses fonctions le directeur de l\u2019organisation des concours, Souleymane Zorom\u00e9. Le ministre de la Communication et des Relations avec le Parlement, Porte-parole du gouvernement, R\u00e9mis Fulgance Dandjinou, a annonc\u00e9, \u00e0 la sortie [&hellip;]<\/p>\n","protected":false},"author":1816,"featured_media":0,"comment_status":"closed","ping_status":"closed","sticky":false,"template":"","format":"standard","meta":{"fifu_image_url":"","fifu_image_alt":"","footnotes":""},"categories":[73,81],"tags":[],"class_list":["post-48588","post","type-post","status-publish","format-standard","hentry","category-actualite","category-burkina-faso"],"_links":{"self":[{"href":"https:\/\/linitiative.ca\/International\/wp-json\/wp\/v2\/posts\/48588","targetHints":{"allow":["GET"]}}],"collection":[{"href":"https:\/\/linitiative.ca\/International\/wp-json\/wp\/v2\/posts"}],"about":[{"href":"https:\/\/linitiative.ca\/International\/wp-json\/wp\/v2\/types\/post"}],"author":[{"embeddable":true,"href":"https:\/\/linitiative.ca\/International\/wp-json\/wp\/v2\/users\/1816"}],"replies":[{"embeddable":true,"href":"https:\/\/linitiative.ca\/International\/wp-json\/wp\/v2\/comments?post=48588"}],"version-history":[{"count":0,"href":"https:\/\/linitiative.ca\/International\/wp-json\/wp\/v2\/posts\/48588\/revisions"}],"wp:attachment":[{"href":"https:\/\/linitiative.ca\/International\/wp-json\/wp\/v2\/media?parent=48588"}],"wp:term":[{"taxonomy":"category","embeddable":true,"href":"https:\/\/linitiative.ca\/International\/wp-json\/wp\/v2\/categories?post=48588"},{"taxonomy":"post_tag","embeddable":true,"href":"https:\/\/linitiative.ca\/International\/wp-json\/wp\/v2\/tags?post=48588"}],"curies":[{"name":"wp","href":"https:\/\/api.w.org\/{rel}","templated":true}]}}