{"id":48590,"date":"2019-07-26T07:18:02","date_gmt":"2019-07-26T11:18:02","guid":{"rendered":"https:\/\/linitiative.ca\/International\/le-constat-de-macky-sall-sur-leducation-nationale-a-la-une-de-la-presse-senegalaise\/"},"modified":"2019-07-26T07:18:02","modified_gmt":"2019-07-26T11:18:02","slug":"le-constat-de-macky-sall-sur-leducation-nationale-a-la-une-de-la-presse-senegalaise","status":"publish","type":"post","link":"https:\/\/linitiative.ca\/International\/le-constat-de-macky-sall-sur-leducation-nationale-a-la-une-de-la-presse-senegalaise\/","title":{"rendered":"Le constat de Macky Sall sur l\u2019\u00e9ducation nationale \u00e0 la une de la presse s\u00e9n\u00e9galaise"},"content":{"rendered":"<div readability=\"32\">\n<p>Publi\u00e9 le 26.07.2019 \u00e0 12h18 par APA News<\/p>\n<\/div>\n<div readability=\"107\">\n<p>Les quotidiens s\u00e9n\u00e9galais parvenus vendredi \u00e0 APA abordent une diversit\u00e9 de sujets, domin\u00e9s par la remise des prix, la veille, du Concours g\u00e9n\u00e9ral, occasion saisie par le pr\u00e9sident Macky Sall pour s\u2019exprimer \u00ab sans langue de bois \u00bb sur la situation de l\u2019\u00e9ducation nationale.\u00ab Remise de prix au Concours g\u00e9n\u00e9ral : Macky sans langue de bois \u00bb, titre Le Quotidien, reprenant ce constant du chef de l\u2019Etat : \u00ab le niveau global des \u00e9tudes continue de baisser \u00bb.<\/p>\n<p>Le premier prix en fran\u00e7ais n\u2019a pas \u00e9t\u00e9 attribu\u00e9 cette ann\u00e9e, pr\u00e9cise le journal. Mais Diary Sow, \u00e9l\u00e8ve en terminale et laur\u00e9ate de l\u2019ann\u00e9e derni\u00e8re, \u00ab garde la couronne \u00bb, constate Vox Populi. Pour le quotidien national Le Soleil, il y a eu \u00ab 91 distinctions pour le public et 30 pour le priv\u00e9 \u00bb.<\/p>\n<p>Cependant \u00ab l\u2019\u00e9cole ne peut rester fig\u00e9e dans le conformisme \u00bb, d\u00e9clare Macky Sall dans Le Soleil, appelant \u00e0 \u00ab mettre \u00e0 jour le contenu des enseignements \u00bb.<\/p>\n<p>Sur le d\u00e9but de l\u2019hivernage au S\u00e9n\u00e9gal, Vox Populi note que \u00ab Dakar et sa banlieue se pr\u00e9parent au pire \u00bb. Selon le journal, les d\u00e9g\u00e2ts de la premi\u00e8re pluie d\u2019hier ont r\u00e9veill\u00e9 la hantise des inondations avec comme cons\u00e9quences d\u00e9j\u00e0 : \u00ab un jeune (mort) \u00e9lectrocut\u00e9 \u00e0 Grand-Yoff \u00bb et \u00ab une dame (d\u00e9c\u00e9d\u00e9e) \u00e0 Mback\u00e9 Khewar \u00bb.<\/p>\n<p>Sur la plainte contre Aliou Sall et Frank Timis dans l\u2019affaire du p\u00e9trole et du gaz, EnQu\u00eate titre sur \u00ab le second front \u00bb. Le journal explique, sous l\u2019appui de ses interview\u00e9s, que la plainte de l\u2019ancien PM Abdoul Mbaye et Cie a \u00ab une double port\u00e9e juridique et politique \u00bb.<\/p>\n<p>Toujours dans le secteur judiciaire, le Pr Babacar Kant\u00e9, ancien juge au Conseil constitutionnel, note dans L\u2019AS qu\u2019\u00abaucune loi ne peut garantir l\u2019ind\u00e9pendance du juge \u00bb.<\/p>\n<p>Plus pr\u00e9cis dans Le T\u00e9moin, il soutient sur l\u2019affaire Khalifa Sall, du nom de l\u2019ex-maire de Dakar emprisonn\u00e9 pour malversations : \u00ab Aucune loi ne peut garantir l\u2019ind\u00e9pendance du juge s\u2019il ne veut pas l\u2019\u00eatre \u00bb.<\/p>\n<p>Plus acerbe cette fois, Walf Quotidien, sous les surtitres \u00ab R\u00e9serve, composition, mauvaise foi des politiques\u2026 \u00bb, souligne que \u00ab le Conseil constitutionnel planche sur ses lacunes \u00bb.<\/p>\n<p>En football, le quotidien sportif Record joue sur les morts et parle de \u00ab signe\u2026 alg\u00e9rien \u00bb, allusion aux multiples \u00e9checs du s\u00e9lectionneur des Lions du S\u00e9n\u00e9gal, Aliou Ciss\u00e9, devant les Fennecs d\u2019Alg\u00e9rie.<\/p>\n<p>Sur les six d\u00e9faites qu\u2019il a enregistr\u00e9es sur le banc de l\u2019\u00e9quipe nationale, les trois l\u2019ont \u00e9t\u00e9 contre les champions d\u2019Afrique 2019, pr\u00e9cise le journal.<\/p>\n<p>Partant de l\u00e0, Stades se pose cette question : \u00ab Pourquoi les Lions n\u2019y arrivent pas face aux +gros+ \u00bb.<\/p>\n<\/div>\n<p>Auteur: APA News<br \/>\n<a href=\"https:\/\/www.journalducameroun.com\/le-constat-de-macky-sall-sur-leducation-nationale-a-la-une-de-la-presse-senegalaise\/\">Cliquez ici pour lire l&rsquo;article depuis sa source.<\/a><\/p>\n","protected":false},"excerpt":{"rendered":"<p>Publi\u00e9 le 26.07.2019 \u00e0 12h18 par APA News Les quotidiens s\u00e9n\u00e9galais parvenus vendredi \u00e0 APA abordent une diversit\u00e9 de sujets, domin\u00e9s par la remise des prix, la veille, du Concours g\u00e9n\u00e9ral, occasion saisie par le pr\u00e9sident Macky Sall pour s\u2019exprimer \u00ab sans langue de bois \u00bb sur la situation de l\u2019\u00e9ducation nationale.\u00ab Remise de prix [&hellip;]<\/p>\n","protected":false},"author":1965,"featured_media":0,"comment_status":"closed","ping_status":"closed","sticky":false,"template":"","format":"standard","meta":{"fifu_image_url":"","fifu_image_alt":"","footnotes":""},"categories":[73,82],"tags":[],"class_list":["post-48590","post","type-post","status-publish","format-standard","hentry","category-actualite","category-cameroun"],"_links":{"self":[{"href":"https:\/\/linitiative.ca\/International\/wp-json\/wp\/v2\/posts\/48590","targetHints":{"allow":["GET"]}}],"collection":[{"href":"https:\/\/linitiative.ca\/International\/wp-json\/wp\/v2\/posts"}],"about":[{"href":"https:\/\/linitiative.ca\/International\/wp-json\/wp\/v2\/types\/post"}],"author":[{"embeddable":true,"href":"https:\/\/linitiative.ca\/International\/wp-json\/wp\/v2\/users\/1965"}],"replies":[{"embeddable":true,"href":"https:\/\/linitiative.ca\/International\/wp-json\/wp\/v2\/comments?post=48590"}],"version-history":[{"count":0,"href":"https:\/\/linitiative.ca\/International\/wp-json\/wp\/v2\/posts\/48590\/revisions"}],"wp:attachment":[{"href":"https:\/\/linitiative.ca\/International\/wp-json\/wp\/v2\/media?parent=48590"}],"wp:term":[{"taxonomy":"category","embeddable":true,"href":"https:\/\/linitiative.ca\/International\/wp-json\/wp\/v2\/categories?post=48590"},{"taxonomy":"post_tag","embeddable":true,"href":"https:\/\/linitiative.ca\/International\/wp-json\/wp\/v2\/tags?post=48590"}],"curies":[{"name":"wp","href":"https:\/\/api.w.org\/{rel}","templated":true}]}}