{"id":48592,"date":"2019-07-25T20:55:16","date_gmt":"2019-07-26T00:55:16","guid":{"rendered":"https:\/\/linitiative.ca\/International\/issa-deme-president-du-conseil-national-des-enarques\/"},"modified":"2019-07-25T20:55:16","modified_gmt":"2019-07-26T00:55:16","slug":"issa-deme-president-du-conseil-national-des-enarques","status":"publish","type":"post","link":"https:\/\/linitiative.ca\/International\/issa-deme-president-du-conseil-national-des-enarques\/","title":{"rendered":"Issa D\u00e9m\u00e9, pr\u00e9sident du Conseil national des \u00e9narques"},"content":{"rendered":"<div class=\"td-post-featured-image\"><a href=\"https:\/\/i0.wp.com\/www.sidwaya.info\/wp-content\/uploads\/2019\/07\/enarc26.gif?fit=787%2C525&#038;ssl=1\" data-caption=\"\"><img loading=\"lazy\" decoding=\"async\" width=\"696\" height=\"464\" class=\"entry-thumb td-modal-image\" src=\"https:\/\/i0.wp.com\/www.sidwaya.info\/wp-content\/uploads\/2019\/07\/enarc26.gif?resize=696%2C464&#038;ssl=1\" alt=\"\" title=\"enarc26\"\/><\/a><\/div>\n<p><strong>Le Conseil national des \u00e9narques du Burkina Faso (CNEBF) est une nouvelle association qui a vu le jour en mars 2019. Dans cette interview accord\u00e9e \u00e0 Sidwaya, le pr\u00e9sident dudit conseil, Issa D\u00e9m\u00e9 d\u00e9voile les objectifs de sa structure.<\/strong><\/p>\n<p>Sidwaya (S)\u00a0: Pr\u00e9sentez-nous votre association.<\/p>\n<p>Issa D\u00e9m\u00e9\u00a0(I.D.): Le Conseil national des \u00e9narques du Burkina Faso (CNEBF) est une association apolitique, la\u00efque et \u00e0 but non lucratif qui regroupe des anciens \u00e9l\u00e8ves de l\u2019Ecole nationale d\u2019administration et de magistrature (ENAM). Cr\u00e9\u00e9 le 1er mars 2019, il intervient dans le domaine de la gouvernance administrative. L\u2019Assembl\u00e9e g\u00e9n\u00e9rale (AG) et le Bureau ex\u00e9cutif national (BEN) sont les instances du CNEBF conform\u00e9ment aux statuts et r\u00e8glements int\u00e9rieurs. Le BEN compte 15 membres issus de plusieurs promotions de l\u2019ENAM. En outre, il est pr\u00e9vu la mise en place de coordinations r\u00e9gionales et provinciales ainsi que de points focaux dans les minist\u00e8res et institutions.<\/p>\n<p>S\u00a0: D\u2019o\u00f9 est venue l\u2019id\u00e9e de cr\u00e9ation d\u2019une telle association ?<\/p>\n<p>I.D.\u00a0: L\u2019id\u00e9e de cr\u00e9ation de cette association remonte aux ann\u00e9es 2010, lorsque j\u2019\u00e9tais en formation \u00e0 l\u2019ENAM. En effet, des a\u00een\u00e9s et moi avions pens\u00e9 sans pouvoir le r\u00e9aliser, en son temps, \u00e0 un cadre qui permettra aux \u00e9narques de se concerter r\u00e9guli\u00e8rement et de collaborer avec leur \u00e9cole formatrice. Ainsi, il \u00e9tait question de d\u00e9velopper des initiatives permettant de mettre les apprenants dans les meilleures conditions d\u2019\u00e9tude. En outre, la majorit\u00e9 des acteurs du d\u00e9veloppement de notre pays notamment les partis politiques, les Organisations de la soci\u00e9t\u00e9 civile (OSC), le secteur priv\u00e9 et les Partenaires techniques et financiers (PTF) r\u00e9clament sans cesse aux dirigeants la bonne gestion des ressources publiques, la redevabilit\u00e9, la satisfaction des besoins des populations et l\u2019\u00e9coute du citoyen. Nous sommes convaincus que la r\u00e9alisation de ces objectifs d\u00e9pend en grande partie de la qualit\u00e9 ainsi que de la conscience professionnelle des agents de l\u2019Etat, en g\u00e9n\u00e9ral et, en particulier ceux form\u00e9s \u00e0 l\u2019ENAM. La contribution des \u00e9narques est consid\u00e9rable dans l\u2019\u00e9dification d\u2019une administration publique moderne, performante, respect\u00e9e et au service du d\u00e9veloppement. C\u2019est au regard de la n\u00e9cessit\u00e9 de revaloriser l\u2019image des fonctionnaires issus de l\u2019ENAM que le CNEBF est cr\u00e9\u00e9. Il se veut \u00eatre une instance de culture de l\u2019excellence au profit de l\u2019administration.<\/p>\n<p>S\u00a0: Quels sont les objectifs poursuivis par le CNEBF ?<\/p>\n<p>I.D.\u00a0: Le CNEBF a pour objectif g\u00e9n\u00e9ral de renforcer les capacit\u00e9s de l\u2019\u00e9narque et de promouvoir l\u2019excellence dans l\u2019administration. De fa\u00e7on sp\u00e9cifique, il vise \u00e0\u00a0contribuer \u00e0 la valorisation de l\u2019image des \u00e9narques, \u00e0 l\u2019am\u00e9lioration de l\u2019action administrative\u00a0et au renforcement des capacit\u00e9s des agents publics et priv\u00e9s. Il a \u00e9galement pour but de veiller au respect de la d\u00e9ontologie du service public, de promouvoir la solidarit\u00e9 au sein de ses membres et d\u2019accomplir toute autre activit\u00e9 pouvant concourir \u00e0 la promotion de la bonne gouvernance. Enfin, le CNEBF entend apporter sa contribution \u00e0 la restauration et au maintien de l\u2019autorit\u00e9 de l\u2019\u00c9tat\u00a0et \u00e0 la promotion de la coh\u00e9sion sociale.<\/p>\n<p>S\u00a0: Quelles sont les activit\u00e9s que compte mener votre association pour l\u2019atteinte de ses objectifs\u00a0?<\/p>\n<p>I.D.: Au regard de nos objectifs, nous projetons de mener des activit\u00e9s de renforcement de capacit\u00e9s telles que des conf\u00e9rences publiques, des formations continues, des \u00e9tudes, etc. En outre, nous entendons produire des manuels de r\u00e9daction administrative au profit de nos membres et de l\u2019administration publique et priv\u00e9e \u00e0 travers l\u2019organisation de symposiums. Le premier du genre pr\u00e9vu pour le mois de novembre 2019 \u00e0 Ouagadougou conna\u00eetra la participation des \u00e9narques de la sous-r\u00e9gion. Nous aurons \u00e9galement des activit\u00e9s d\u2019\u00e9mulation entre les membres et les \u00e9l\u00e8ves de l\u2019ENAM. Cette ann\u00e9e par exemple, nous pr\u00e9voyons de d\u00e9cerner un prix au meilleur \u00e9l\u00e8ve de l\u2019ENAM. En perspectives, nous envisageons d\u2019adopter notre plan d\u2019actions triennal en d\u00e9but d\u2019ann\u00e9e 2020 lors de l\u2019Assembl\u00e9e g\u00e9n\u00e9rale ordinaire.<\/p>\n<p>S\u00a0: Vous organisez le 27 juillet prochain une conf\u00e9rence publique sur le th\u00e8me\u00a0: \u00abR\u00f4le et place des \u00e9narques dans l\u2019administration publique\u00bb. Pourquoi le choix de ce th\u00e8me\u00a0?<br \/>I.D.\u00a0: Cette conf\u00e9rence entre dans le cadre de la mise en \u0153uvre de notre programme d\u2019activit\u00e9s de 2019. Le choix de ce th\u00e8me a \u00e9t\u00e9 motiv\u00e9 par un constat. En effet, l\u2019\u00e9valuation annuelle des performances de l\u2019administration fait ressortir des insuffisances techniques dans la conduite de l\u2019action administrative par les agents publics. De ce fait, le renforcement continu de leurs capacit\u00e9s est n\u00e9cessaire pour l\u2019am\u00e9lioration de la performance de l\u2019administration au b\u00e9n\u00e9fice des populations. Cette conf\u00e9rence va permettre de d\u00e9finir le r\u00f4le et la place des agents publics form\u00e9s \u00e0 l\u2019ENAM dans le management administratif. Au regard de l\u2019importance du th\u00e8me, je lance un appel \u00e0 l\u2019ensemble des \u00e9narques tant dans le public que dans le priv\u00e9 \u00e0 une participation active \u00e0 ce premier panel qui sera anim\u00e9 par Pascal Benon, ancien Directeur g\u00e9n\u00e9ral de l\u2019ENAM et ancien gouverneur, Kalifara S\u00e9r\u00e9, ancien Secr\u00e9taire g\u00e9n\u00e9ral du minist\u00e8re de l\u2019Administration territoriale et de la d\u00e9centralisation (MATD) et Abdoul Karim Sango, enseignant \u00e0 l\u2019ENAM et actuel ministre de la Culture, des Arts et du Tourisme, tous p\u00e9tris d\u2019exp\u00e9riences en mati\u00e8re de gouvernance administrative.<\/p>\n<p>S\u00a0: Le Burkina Faso s\u2019est engag\u00e9 dans une dynamique de modernisation de l\u2019administration publique. Que rev\u00eat ce concept selon vous\u00a0?<\/p>\n<p>I. D. : La modernisation de l\u2019administration publique est un processus de r\u00e9forme institutionnelle et organisationnelle qui devra, \u00e0 terme, permettre de rendre l\u2019administration publique plus accessible, performante et \u00e0 m\u00eame d\u2019offrir des services publics de qualit\u00e9 aux usagers. Elle r\u00e9pond au principe d\u2019adaptation et de mutabilit\u00e9 du service public qui se veut dynamique et de qualit\u00e9. A cet effet, le gouvernement du Burkina Faso s\u2019est dot\u00e9 d\u2019une strat\u00e9gie de politique de modernisation de l\u2019administration pour la p\u00e9riode 2011-2020. Le CNEBF compte jouer sa partition dans le cadre de l\u2019\u00e9laboration de la nouvelle strat\u00e9gie de modernisation de l\u2019administration. Pour ce faire, nous demandons \u00e0 tous les agents publics et priv\u00e9s en activit\u00e9 et m\u00eame ceux \u00e0 la retraite d\u2019accompagner cette jeune structure car le CNEBF n\u2019est pas une affaire de jeunes seulement, mais aussi et surtout celle des anciens afin de b\u00e9n\u00e9ficier de leur savoir-\u00eatre, de leur savoir-faire et surtout de leur savoir-faire-faire.<\/p>\n<p>Interview r\u00e9alis\u00e9e par Nad\u00e8ge YAMEOGO<\/p>\n<div class=\"td-a-rec td-a-rec-id-content_bottom td_uid_30_5d3af7b836d6c_rand td_block_template_1\"><img loading=\"lazy\" decoding=\"async\" class=\"aligncenter size-full wp-image-9623\" src=\"https:\/\/www.sidwaya.info\/wp-content\/uploads\/2019\/06\/Projet-bannie%CC%80re-Orange-mobile.jpg\" alt=\"\" width=\"728\" height=\"81\"\/><\/div>\n<p>Auteur: BM. Sidwaya<br \/>\n<a href=\"https:\/\/www.sidwaya.info\/blog\/2019\/07\/26\/issa-deme-president-du-conseil-national-des-enarques\/\">Cliquez ici pour lire l&rsquo;article depuis sa source.<\/a><\/p>\n","protected":false},"excerpt":{"rendered":"<p>Le Conseil national des \u00e9narques du Burkina Faso (CNEBF) est une nouvelle association qui a vu le jour en mars 2019. Dans cette interview accord\u00e9e \u00e0 Sidwaya, le pr\u00e9sident dudit conseil, Issa D\u00e9m\u00e9 d\u00e9voile les objectifs de sa structure. Sidwaya (S)\u00a0: Pr\u00e9sentez-nous votre association. Issa D\u00e9m\u00e9\u00a0(I.D.): Le Conseil national des \u00e9narques du Burkina Faso (CNEBF) [&hellip;]<\/p>\n","protected":false},"author":1816,"featured_media":0,"comment_status":"closed","ping_status":"closed","sticky":false,"template":"","format":"standard","meta":{"fifu_image_url":"","fifu_image_alt":"","footnotes":""},"categories":[73,81],"tags":[],"class_list":["post-48592","post","type-post","status-publish","format-standard","hentry","category-actualite","category-burkina-faso"],"_links":{"self":[{"href":"https:\/\/linitiative.ca\/International\/wp-json\/wp\/v2\/posts\/48592","targetHints":{"allow":["GET"]}}],"collection":[{"href":"https:\/\/linitiative.ca\/International\/wp-json\/wp\/v2\/posts"}],"about":[{"href":"https:\/\/linitiative.ca\/International\/wp-json\/wp\/v2\/types\/post"}],"author":[{"embeddable":true,"href":"https:\/\/linitiative.ca\/International\/wp-json\/wp\/v2\/users\/1816"}],"replies":[{"embeddable":true,"href":"https:\/\/linitiative.ca\/International\/wp-json\/wp\/v2\/comments?post=48592"}],"version-history":[{"count":0,"href":"https:\/\/linitiative.ca\/International\/wp-json\/wp\/v2\/posts\/48592\/revisions"}],"wp:attachment":[{"href":"https:\/\/linitiative.ca\/International\/wp-json\/wp\/v2\/media?parent=48592"}],"wp:term":[{"taxonomy":"category","embeddable":true,"href":"https:\/\/linitiative.ca\/International\/wp-json\/wp\/v2\/categories?post=48592"},{"taxonomy":"post_tag","embeddable":true,"href":"https:\/\/linitiative.ca\/International\/wp-json\/wp\/v2\/tags?post=48592"}],"curies":[{"name":"wp","href":"https:\/\/api.w.org\/{rel}","templated":true}]}}