{"id":48594,"date":"2019-07-26T06:14:11","date_gmt":"2019-07-26T10:14:11","guid":{"rendered":"https:\/\/linitiative.ca\/International\/deces-de-bce-lhommage-de-jack-lang-president-de-linstitut-du-monde-arabe\/"},"modified":"2019-07-26T06:14:11","modified_gmt":"2019-07-26T10:14:11","slug":"deces-de-bce-lhommage-de-jack-lang-president-de-linstitut-du-monde-arabe","status":"publish","type":"post","link":"https:\/\/linitiative.ca\/International\/deces-de-bce-lhommage-de-jack-lang-president-de-linstitut-du-monde-arabe\/","title":{"rendered":"D\u00e9c\u00e8s de BCE- l\u2019Hommage de Jack LANG, Pr\u00e9sident de l\u2019Institut du monde arabe"},"content":{"rendered":"<div class=\"post-cont-in left relative\">\n<div class=\"swp_social_panel swp_horizontal_panel swp_flat_fresh swp_default_full_color swp_individual_full_color swp_other_full_color scale-100 scale-\" data-min-width=\"1100\" data-float-color=\"#ffffff\" data-float=\"none\" data-float-mobile=\"none\" data-transition=\"slide\">\n<div class=\"nc_tweetContainer swp_share_button total_shares total_sharesalt\"><span class=\"swp_count\">33 <span class=\"swp_label\">Partages<\/span><\/span><\/div>\n<\/div>\n<p class=\"c4\">Suite au d\u00e9c\u00e8s du pr\u00e9sident de la R\u00e9publique tunisienne, B\u00e9ji Ca\u00efd Essebsi, le pr\u00e9sident de l\u2019Institut du monde arabe (IMA), Jack Lang a publi\u00e9 la d\u00e9claration suivante:<\/p>\n<p class=\"c4\">\u201cJ\u2019apprends avec une grande tristesse la disparition du Pr\u00e9sident tunisien Beji Ca\u00efd Essebsi.<\/p>\n<div class=\"code-block code-block-1 c6\"><ins class=\"adsbygoogle c5\" data-ad-layout=\"in-article\" data-ad-format=\"fluid\" data-ad-client=\"ca-pub-2102118777505746\" data-ad-slot=\"7301775417\"\/> <\/div>\n<p class=\"c4\">Aujourd\u2019hui, je suis de tout c\u0153ur avec le peuple tunisien qui doit pleurer un grand r\u00e9sistant, un pourfendeur de l\u2019intol\u00e9rance et un ind\u00e9fectible d\u00e9fenseur des libert\u00e9s.<\/p>\n<p class=\"c4\">La Tunisie aura, gr\u00e2ce \u00e0 lui, fait un pas de g\u00e9ant pour conforter l\u2019exception tunisienne. Avec intelligence, discernement et convictions, Beji Ca\u00efd Essebsi aura \u00e9t\u00e9, pendant son mandat, le sage garant de la R\u00e9volution de Jasmin. Homme de raison, profond\u00e9ment humaniste et toujours ouvert au dialogue, Il aura port\u00e9 des r\u00e9formes progressistes et men\u00e9 la Tunisie vers une nouvelle modernit\u00e9. Il aura sans cesse bataill\u00e9 pour d\u00e9fendre l\u2019\u00e9quit\u00e9, l\u2019\u00e9galit\u00e9 et la justice sociale. Les femmes tunisiennes, si combatives et d\u00e9termin\u00e9es, lui seront reconnaissantes pour son permanent engagement \u00e0 leurs c\u00f4t\u00e9s. \u00ab\u00a0Bajbouj\u00a0\u00bb, comme le surnommaient affectueusement le citoyen tunisien, marquera \u00e0 tout jamais l\u2019Histoire de ce beau et grand pays qu\u2019est la Tunisie.<\/p>\n<div class=\"mvp-org-wrap mvp-org-logo\" itemprop=\"publisher\" itemscope=\"\" itemtype=\"https:\/\/schema.org\/Organization\"><img decoding=\"async\" src=\"https:\/\/www.tunisienumerique.com\/wp-content\/uploads\/2017\/02\/logo_tunisie_numerique.png\"\/><\/div>\n<div class=\"swp_social_panel swp_horizontal_panel swp_flat_fresh swp_default_full_color swp_individual_full_color swp_other_full_color scale-100 scale-\" data-min-width=\"1100\" data-float-color=\"#ffffff\" data-float=\"none\" data-float-mobile=\"none\" data-transition=\"slide\">\n<div class=\"nc_tweetContainer swp_share_button total_shares total_sharesalt\"><span class=\"swp_count\">33 <span class=\"swp_label\">Partages<\/span><\/span><\/div>\n<\/div>\n<div class=\"mvp-related-posts left relative\">\n<h4 class=\"post-header\"><span class=\"post-header\">Lire aussi<\/span><\/h4>\n<\/div>\n<\/div>\n<p>Auteur: Laameri Dorsaf<br \/>\n<a href=\"https:\/\/www.tunisienumerique.com\/deces-de-bce-lhommage-de-jack-lang-president-de-linstitut-du-monde-arabe\/\">Cliquez ici pour lire l&rsquo;article depuis sa source.<\/a><\/p>\n","protected":false},"excerpt":{"rendered":"<p>33 Partages Suite au d\u00e9c\u00e8s du pr\u00e9sident de la R\u00e9publique tunisienne, B\u00e9ji Ca\u00efd Essebsi, le pr\u00e9sident de l\u2019Institut du monde arabe (IMA), Jack Lang a publi\u00e9 la d\u00e9claration suivante: \u201cJ\u2019apprends avec une grande tristesse la disparition du Pr\u00e9sident tunisien Beji Ca\u00efd Essebsi. Aujourd\u2019hui, je suis de tout c\u0153ur avec le peuple tunisien qui doit pleurer [&hellip;]<\/p>\n","protected":false},"author":1789,"featured_media":48595,"comment_status":"closed","ping_status":"closed","sticky":false,"template":"","format":"standard","meta":{"fifu_image_url":"","fifu_image_alt":"","footnotes":""},"categories":[73,55],"tags":[],"class_list":["post-48594","post","type-post","status-publish","format-standard","has-post-thumbnail","hentry","category-actualite","category-tunisie"],"_links":{"self":[{"href":"https:\/\/linitiative.ca\/International\/wp-json\/wp\/v2\/posts\/48594","targetHints":{"allow":["GET"]}}],"collection":[{"href":"https:\/\/linitiative.ca\/International\/wp-json\/wp\/v2\/posts"}],"about":[{"href":"https:\/\/linitiative.ca\/International\/wp-json\/wp\/v2\/types\/post"}],"author":[{"embeddable":true,"href":"https:\/\/linitiative.ca\/International\/wp-json\/wp\/v2\/users\/1789"}],"replies":[{"embeddable":true,"href":"https:\/\/linitiative.ca\/International\/wp-json\/wp\/v2\/comments?post=48594"}],"version-history":[{"count":0,"href":"https:\/\/linitiative.ca\/International\/wp-json\/wp\/v2\/posts\/48594\/revisions"}],"wp:featuredmedia":[{"embeddable":true,"href":"https:\/\/linitiative.ca\/International\/wp-json\/"}],"wp:attachment":[{"href":"https:\/\/linitiative.ca\/International\/wp-json\/wp\/v2\/media?parent=48594"}],"wp:term":[{"taxonomy":"category","embeddable":true,"href":"https:\/\/linitiative.ca\/International\/wp-json\/wp\/v2\/categories?post=48594"},{"taxonomy":"post_tag","embeddable":true,"href":"https:\/\/linitiative.ca\/International\/wp-json\/wp\/v2\/tags?post=48594"}],"curies":[{"name":"wp","href":"https:\/\/api.w.org\/{rel}","templated":true}]}}