{"id":48596,"date":"2019-07-26T08:18:04","date_gmt":"2019-07-26T12:18:04","guid":{"rendered":"https:\/\/linitiative.ca\/International\/cote-divoire-education-des-mutualistes-opposes-a-linvestiture-du-pca-de-la-mupemenet\/"},"modified":"2019-07-26T08:18:04","modified_gmt":"2019-07-26T12:18:04","slug":"cote-divoire-education-des-mutualistes-opposes-a-linvestiture-du-pca-de-la-mupemenet","status":"publish","type":"post","link":"https:\/\/linitiative.ca\/International\/cote-divoire-education-des-mutualistes-opposes-a-linvestiture-du-pca-de-la-mupemenet\/","title":{"rendered":"C\u00f4te d\u2019Ivoire\/Education: des mutualistes oppos\u00e9s \u00e0 l\u2019investiture du PCA de la MUPEMENET"},"content":{"rendered":"<div readability=\"32\">\n<p>Publi\u00e9 le 26.07.2019 \u00e0 13h18 par APA News<\/p>\n<\/div>\n<div readability=\"106\">\n<p>Pr\u00e8s d\u2019une centaine de membres de la Mutuelle du personnel de l\u2019\u00e9ducation nationale et de l\u2019enseignement technique de C\u00f4te d\u2019Ivoire (MUPEMENET-CI) devenue Mutuelle g\u00e9n\u00e9rale des enseignants de C\u00f4te d\u2019Ivoire (MGE-CI), oppos\u00e9s \u00e0 la passation de charges de Michael Boko comme Pr\u00e9sident du Conseil d\u2019administration (PCA), ont investi vendredi l\u2019immeuble abritant le si\u00e8ge de l\u2019organisation \u00e0 Abidjan-Plateau, sous une haute surveillance de la police.Tr\u00e8s t\u00f4t le matin, des dizaines d\u2019adh\u00e9rents de la MGE-CI (ex- MUPEMENET-CI), munis de pancartes, se sont rassembl\u00e9s devant l\u2019immeuble le Mali, abritant le si\u00e8ge de la mutuelle. Un d\u00e9ploiement important de policiers a \u00e9t\u00e9 effectu\u00e9 pour contenir tout d\u00e9bordement dans cet immeuble o\u00f9 se trouve l\u2019ambassade du Mali.<\/p>\n<p>Diomand\u00e9 Mamadou, membre de la Mutuelle, galvanise ses amis qui l\u2019\u00e9coutent religieusement. Pour lui, il n\u2019est pas question de c\u00e9der \u00e0 la passation de charges au profit de Michael Boko, \u00e0 qui il est reproch\u00e9 d\u2019\u00eatre l\u2019 \u00ab instrument \u00bb par lequel la ministre de tutelle veut \u00ab avoir le contr\u00f4le \u00bb de la mutuelle.<\/p>\n<p>\u00a0La ministre de tutelle a \u00ab \u00e9crit un courrier pour dire qu\u2019elle vient faire la passation de charges, ce vendredi \u00bb et \u00ab nous disons non, nous avons d\u00e9sign\u00e9, pour la gestion de la mutuelle des organes, et il faut que ce soit ces organes qui dirigent \u00bb, a d\u00e9clar\u00e9 M. Diomand\u00e9.<\/p>\n<p>Une crise post-\u00e9lectorale est n\u00e9e \u00e0 la suite d\u2019une \u00e9lection, en avril 2019, devant consacrer le renouvellement des instances de la MUGE-CI. Selon M. Diomand\u00e9, l\u2019Assembl\u00e9e g\u00e9n\u00e9rale a d\u00e9cid\u00e9 de \u00ab reconduire le m\u00eame Conseil pour qu\u2019il continue le travail \u00bb avec \u00e0 sa t\u00eate Vacaba Ciss\u00e9.<\/p>\n<p>Cependant, lors d\u2019un conclave des 15 administrateurs de la MUPEMENET-CI, des membres ont \u00e9t\u00e9 \u00a0\u00abinstrumentalis\u00e9s\u00bb, d\u00e9signant Micha\u00ebl Boko avec neuf voix comme Pr\u00e9sident du Conseil d\u2019administration. Or, l\u2019Assembl\u00e9e avait reconduit la liste parce que Vacaba Ciss\u00e9 \u00e9tait t\u00eate de liste.<\/p>\n<p>Suite au conclave, l\u2019Assembl\u00e9e g\u00e9n\u00e9rale a \u00ab invalid\u00e9 cette \u00e9lection \u00bb et demand\u00e9 de reprendre l\u2019\u00e9lection et un autre conseil a \u00e9t\u00e9 \u00e9lu. Pour les partisans de M. Ciss\u00e9, l\u2019Assembl\u00e9e qui est l\u2019organe supr\u00eame a d\u00e9cid\u00e9 de reconduire la liste de M. Ciss\u00e9.<\/p>\n<p>\u00a0Le minist\u00e8re de l\u2019Education, par contre \u00ab reconna\u00eet Boko Michael \u00bb, a-t-il poursuivi. La passation de charges \u00e9tait initialement pr\u00e9vue ce vendredi \u00e0 10h GMT (heure locale). La mobilisation des adh\u00e9rents m\u00e9contents pourrait faire reporter cette prise de fonction.<\/p>\n<p>L\u2019ex-MUPEMENET-CI a \u00e9t\u00e9 effectivement mise sur pied en avril 2014 \u00e0 Yamoussoukro avec l\u2019arriv\u00e9e de la ministre de l\u2019Education, \u00a0Kandia Camara, apr\u00e8s la lev\u00e9e des obstacles. En juin 2015, les prestations ont \u00e9t\u00e9 lanc\u00e9es avec 2 500 adh\u00e9rents.<\/p>\n<p>Les adh\u00e9rents cotisent 5 000 Fcfa par mois pour le r\u00e9gime de base. La cotisation donne droit \u00e0 la prise en charge de soins sanitaires. Elle couvre 100% des prestations lorsqu\u2019on y ajoute celle de la MUGEFCI (Mutuelle g\u00e9n\u00e9rale des fonctionnaires de C\u00f4te d\u2019Ivoire).<\/p>\n<p>La MGE-CI (ex-MUPEMENET-CI) revendique aujourd\u2019hui \u00ab plus de 60.000 adh\u00e9rents\u00bb selon M. Diomand\u00e9. Avec une lev\u00e9e de 5 000 Fcfa par adh\u00e8rent, l\u2019organisation collecte chaque mois un montant de 300 millions de Fcfa et 3,6 milliards Fcfa par an.<\/p>\n<\/div>\n<p>Auteur: APA News<br \/>\n<a href=\"https:\/\/www.journalducameroun.com\/cote-divoire-education-des-mutualistes-opposes-a-linvestiture-du-pca-de-la-mupemenet\/\">Cliquez ici pour lire l&rsquo;article depuis sa source.<\/a><\/p>\n","protected":false},"excerpt":{"rendered":"<p>Publi\u00e9 le 26.07.2019 \u00e0 13h18 par APA News Pr\u00e8s d\u2019une centaine de membres de la Mutuelle du personnel de l\u2019\u00e9ducation nationale et de l\u2019enseignement technique de C\u00f4te d\u2019Ivoire (MUPEMENET-CI) devenue Mutuelle g\u00e9n\u00e9rale des enseignants de C\u00f4te d\u2019Ivoire (MGE-CI), oppos\u00e9s \u00e0 la passation de charges de Michael Boko comme Pr\u00e9sident du Conseil d\u2019administration (PCA), ont investi [&hellip;]<\/p>\n","protected":false},"author":1965,"featured_media":0,"comment_status":"closed","ping_status":"closed","sticky":false,"template":"","format":"standard","meta":{"fifu_image_url":"","fifu_image_alt":"","footnotes":""},"categories":[73,82],"tags":[],"class_list":["post-48596","post","type-post","status-publish","format-standard","hentry","category-actualite","category-cameroun"],"_links":{"self":[{"href":"https:\/\/linitiative.ca\/International\/wp-json\/wp\/v2\/posts\/48596","targetHints":{"allow":["GET"]}}],"collection":[{"href":"https:\/\/linitiative.ca\/International\/wp-json\/wp\/v2\/posts"}],"about":[{"href":"https:\/\/linitiative.ca\/International\/wp-json\/wp\/v2\/types\/post"}],"author":[{"embeddable":true,"href":"https:\/\/linitiative.ca\/International\/wp-json\/wp\/v2\/users\/1965"}],"replies":[{"embeddable":true,"href":"https:\/\/linitiative.ca\/International\/wp-json\/wp\/v2\/comments?post=48596"}],"version-history":[{"count":0,"href":"https:\/\/linitiative.ca\/International\/wp-json\/wp\/v2\/posts\/48596\/revisions"}],"wp:attachment":[{"href":"https:\/\/linitiative.ca\/International\/wp-json\/wp\/v2\/media?parent=48596"}],"wp:term":[{"taxonomy":"category","embeddable":true,"href":"https:\/\/linitiative.ca\/International\/wp-json\/wp\/v2\/categories?post=48596"},{"taxonomy":"post_tag","embeddable":true,"href":"https:\/\/linitiative.ca\/International\/wp-json\/wp\/v2\/tags?post=48596"}],"curies":[{"name":"wp","href":"https:\/\/api.w.org\/{rel}","templated":true}]}}