{"id":48597,"date":"2019-07-25T21:01:56","date_gmt":"2019-07-26T01:01:56","guid":{"rendered":"https:\/\/linitiative.ca\/International\/tac-ouagadougou-accueille-la-8e-conference-au-sommet\/"},"modified":"2019-07-25T21:01:56","modified_gmt":"2019-07-26T01:01:56","slug":"tac-ouagadougou-accueille-la-8e-conference-au-sommet","status":"publish","type":"post","link":"https:\/\/linitiative.ca\/International\/tac-ouagadougou-accueille-la-8e-conference-au-sommet\/","title":{"rendered":"TAC: Ouagadougou accueille  la 8e\u00a0Conf\u00e9rence au sommet"},"content":{"rendered":"<div class=\"td-post-featured-image\"><a href=\"https:\/\/i0.wp.com\/www.sidwaya.info\/wp-content\/uploads\/2019\/07\/PREFASO.gif?fit=787%2C525&#038;ssl=1\" data-caption=\"\"><img loading=\"lazy\" decoding=\"async\" width=\"696\" height=\"464\" class=\"entry-thumb td-modal-image\" src=\"https:\/\/i0.wp.com\/www.sidwaya.info\/wp-content\/uploads\/2019\/07\/PREFASO.gif?resize=696%2C464&#038;ssl=1\" alt=\"\" title=\"PREFASO\"\/><\/a><\/div>\n<p><strong>La 8e\u00a0Conf\u00e9rence au sommet\u00a0du Trait\u00e9 d\u2019Amiti\u00e9 et de Coop\u00e9ration (TAC) entre la R\u00e9publique de C\u00f4te d\u2019Ivoire et le Burkina Faso se tient, du 27 au 31 juillet 2019, \u00e0 Ouagadougou, sous la co-pr\u00e9sidence des pr\u00e9sidents Roch Marc Christian Kabor\u00e9 et Alassane Ouattara.\u00a0<\/strong><\/p>\n<p>Cette rencontre de Ouagadougou permettra aux autorit\u00e9s des deux pays, de passer en revue les projets int\u00e9grateurs et de d\u00e9veloppement, qui fondent les grands axes du Trait\u00e9 d\u2019Amiti\u00e9 et de Coop\u00e9ration entre les deux peuples.<br \/>Les pr\u00e9sidents Kabor\u00e9 et Ouattara, et leurs gouvernements respectifs, vont se pencher sur l\u2019\u00e9tat de mise en \u0153uvre des d\u00e9cisions et recommandations prises lors de la 7e\u00a0\u00e9dition du TAC \u00e0 Yamoussoukro, et adopter de nouveaux projets en vue de renforcer la coop\u00e9ration ivoiro-burkinab\u00e8.<br \/>La Conf\u00e9rence au sommet des chefs d\u2019Etat, pr\u00e9vue pour le 31 juillet, sera pr\u00e9c\u00e9d\u00e9e de la r\u00e9union des experts les 27, 28 et 29 juillet, et du Conseil conjoint de gouvernement, le 30 juillet.<br \/>Outre l\u2019aspect politique, cette 8e\u00a0\u00e9dition du TAC va permettre aux hommes et femmes d\u2019affaires des deux pays de nouer des relations aux fins de dynamiser leurs activit\u00e9s au b\u00e9n\u00e9fice des deux pays, lors d\u2019un forum d\u2019affaires.<br \/>Par ailleurs des journ\u00e9es culturelles ivoiro-burkinab\u00e8 sont organis\u00e9es les 28, 29 et 30 juillet. Elles constituent une occasion pour vivifier la culture des deux peuples, qui partagent ensemble la m\u00eame histoire, avec au programme une foire gastronomique, une exposition-vente, des prestations artistiques et des projections cin\u00e9matographiques.<br \/>N\u00e9 en 2008, de la volont\u00e9 commune des deux Etats de renforcer la coop\u00e9ration et l\u2019amiti\u00e9 entre les peuples burkinab\u00e8 et ivoirien, le TAC est devenu un exemple d\u2019int\u00e9gration et un outil de d\u00e9veloppement dans la sous-r\u00e9gion.<\/p>\n<p>Contacts presse:<\/p>\n<p>\u2013 Romain Auguste Bambara, DirCom Pr\u00e9faso : T\u00e9l :\u00a070208785, mail:\u00a0romain.bambara@presidence.bf<\/p>\n<p>\u2013 Lacin\u00e9 Ganam\u00e9, DCPM Minaffet : T\u00e9l:\u00a070860026, mail: \u00a0ganamenews@gmail.com<\/p>\n<p>Direction de la communication de la Pr\u00e9sidence du Faso<\/p>\n<div class=\"td-a-rec td-a-rec-id-content_bottom td_uid_30_5d3af7bb33a2b_rand td_block_template_1\"><img loading=\"lazy\" decoding=\"async\" class=\"aligncenter size-full wp-image-9623\" src=\"https:\/\/www.sidwaya.info\/wp-content\/uploads\/2019\/06\/Projet-bannie%CC%80re-Orange-mobile.jpg\" alt=\"\" width=\"728\" height=\"81\"\/><\/div>\n<p>Auteur: BM. Sidwaya<br \/>\n<a href=\"https:\/\/www.sidwaya.info\/blog\/2019\/07\/26\/tac-ouagadougou-accueille-la-8e-conference-au-sommet\/\">Cliquez ici pour lire l&rsquo;article depuis sa source.<\/a><\/p>\n","protected":false},"excerpt":{"rendered":"<p>La 8e\u00a0Conf\u00e9rence au sommet\u00a0du Trait\u00e9 d\u2019Amiti\u00e9 et de Coop\u00e9ration (TAC) entre la R\u00e9publique de C\u00f4te d\u2019Ivoire et le Burkina Faso se tient, du 27 au 31 juillet 2019, \u00e0 Ouagadougou, sous la co-pr\u00e9sidence des pr\u00e9sidents Roch Marc Christian Kabor\u00e9 et Alassane Ouattara.\u00a0 Cette rencontre de Ouagadougou permettra aux autorit\u00e9s des deux pays, de passer en [&hellip;]<\/p>\n","protected":false},"author":1816,"featured_media":0,"comment_status":"closed","ping_status":"closed","sticky":false,"template":"","format":"standard","meta":{"fifu_image_url":"","fifu_image_alt":"","footnotes":""},"categories":[73,81],"tags":[],"class_list":["post-48597","post","type-post","status-publish","format-standard","hentry","category-actualite","category-burkina-faso"],"_links":{"self":[{"href":"https:\/\/linitiative.ca\/International\/wp-json\/wp\/v2\/posts\/48597","targetHints":{"allow":["GET"]}}],"collection":[{"href":"https:\/\/linitiative.ca\/International\/wp-json\/wp\/v2\/posts"}],"about":[{"href":"https:\/\/linitiative.ca\/International\/wp-json\/wp\/v2\/types\/post"}],"author":[{"embeddable":true,"href":"https:\/\/linitiative.ca\/International\/wp-json\/wp\/v2\/users\/1816"}],"replies":[{"embeddable":true,"href":"https:\/\/linitiative.ca\/International\/wp-json\/wp\/v2\/comments?post=48597"}],"version-history":[{"count":0,"href":"https:\/\/linitiative.ca\/International\/wp-json\/wp\/v2\/posts\/48597\/revisions"}],"wp:attachment":[{"href":"https:\/\/linitiative.ca\/International\/wp-json\/wp\/v2\/media?parent=48597"}],"wp:term":[{"taxonomy":"category","embeddable":true,"href":"https:\/\/linitiative.ca\/International\/wp-json\/wp\/v2\/categories?post=48597"},{"taxonomy":"post_tag","embeddable":true,"href":"https:\/\/linitiative.ca\/International\/wp-json\/wp\/v2\/tags?post=48597"}],"curies":[{"name":"wp","href":"https:\/\/api.w.org\/{rel}","templated":true}]}}