{"id":48599,"date":"2019-07-26T07:18:37","date_gmt":"2019-07-26T11:18:37","guid":{"rendered":"https:\/\/linitiative.ca\/International\/mohamed-ennaceur-nouveau-president-de-la-republique-par-interim-engagement-a-se-conformer-aux-dispositions-de-la-constitution\/"},"modified":"2019-07-26T07:18:37","modified_gmt":"2019-07-26T11:18:37","slug":"mohamed-ennaceur-nouveau-president-de-la-republique-par-interim-engagement-a-se-conformer-aux-dispositions-de-la-constitution","status":"publish","type":"post","link":"https:\/\/linitiative.ca\/International\/mohamed-ennaceur-nouveau-president-de-la-republique-par-interim-engagement-a-se-conformer-aux-dispositions-de-la-constitution\/","title":{"rendered":"Mohamed Ennaceur, nouveau pr\u00e9sident de la R\u00e9publique par int\u00e9rim :  Engagement \u00e0 se conformer aux dispositions de la Constitution"},"content":{"rendered":"<p>Le pr\u00e9sident de la R\u00e9publique par int\u00e9rim, Mohamed Ennaceur a annonc\u00e9 jeudi soir dans une d\u00e9claration t\u00e9l\u00e9vis\u00e9e qu\u2019il a pris ses nouvelles fonctions de pr\u00e9sident de la Tunisie \u00e0 la suite du d\u00e9c\u00e8s de pr\u00e9sident B\u00e9ji Ca\u00efd Essebsi, en vertu de l\u2019article 84 et 85 de la Constitution et qu\u2019il a pr\u00eat\u00e9 serment.<\/p>\n<p>Dans une d\u00e9claration t\u00e9l\u00e9vis\u00e9e diffus\u00e9e sur la chaine de t\u00e9l\u00e9vision nationale Wataniya 1, Mohamed Ennaceur a affirm\u00e9 qu\u2019il s\u2019engage \u00e0 se conformer aux dispositions de la Constitution, \u00e0 pr\u00e9server l\u2019ind\u00e9pendance de la Tunisie et l\u2019int\u00e9grit\u00e9 de son territoire et \u00e0 respecter les lois et r\u00e8gles constitutionnelles.<\/p>\n<p>Mohamed Ennaceur (85 ans) qui occupait le poste de pr\u00e9sident de l\u2019Assembl\u00e9e des repr\u00e9sentants du peuple (ARP) depuis le 4 d\u00e9cembre 2014, a affirm\u00e9 qu\u2019il va \u00eatre le pr\u00e9sident de tous les Tunisiens sans exclusion ni distinction et qu\u2019il \u0153uvrera \u00e0 instaurer la paix sociale, \u00e0 renforcer le dialogue entre les diff\u00e9rentes parties et \u00e0 pr\u00e9server les acquis de la Tunisie.<\/p>\n<p>Il a appel\u00e9 les Tunisiens et les Tunisiennes \u00e0 l\u2019unit\u00e9 des rangs, \u00e0 faire preuve d\u2019abn\u00e9gation et de labeur et \u00e0 faire valoir la valeur du travail et de l\u2019optimisme, \u00ab un principe g\u00e9n\u00e9rateur de confiance et de miracle \u00bb, estime-t-il.<\/p>\n<p>Mohamed Ennaceur a \u00e9galement exhort\u00e9 les partis et les organisations et associations nationales \u00e0 \u00ab \u00eatre confiants en les institutions de l\u2019Etat et \u00e0 les appuyer pour que la Tunisie demeure libre, ind\u00e9pendante et invuln\u00e9rable \u00bb.<\/p>\n<p>Le pr\u00e9sident par int\u00e9rim a rassur\u00e9 les Tunisiens quant aux \u00ab institutions de l\u2019Etat qui fonctionnent r\u00e9guli\u00e8rement, efficacement et en toute op\u00e9rationnalit\u00e9 \u00bb, insistant sur la n\u00e9cessit\u00e9 de pr\u00e9server la s\u00e9curit\u00e9 de la Tunisie et ses acquis.<\/p>\n<p>\u00ab L\u2019Etat continue \u00e0 fonctionner, la marche de la Tunisie se poursuit apr\u00e8s la disparition de B\u00e9ji Ca\u00efd Essebsi \u00bb, a ajout\u00e9 Mohamed Ennaceur, rendant hommage au d\u00e9funt qui \u00ab s\u2019est consacr\u00e9 au service du peuple, de la patrie et de l\u2019Etat et qui constitue l\u2019un des grands b\u00e2tisseurs de l\u2019Etat tunisien et des figures de proue de la Tunisie ind\u00e9pendante avant et apr\u00e8s la r\u00e9volution de 2011 \u00bb.<\/p>\n<p>Ennaceur a adress\u00e9 ses condol\u00e9ances \u00e0 la famille du disparu et \u00e0 l\u2019ensemble des Tunisiens, estimant que Ca\u00efd Essebsi servira de mod\u00e8le pour les g\u00e9n\u00e9rations pr\u00e9sentes et futures.<\/p>\n<p>Mohamed Ennaceur avait pr\u00eat\u00e9 serment ce jeudi devant les membres du bureau de l\u2019Assembl\u00e9e des Repr\u00e9sentants du peuple pour son investiture \u00e0 la pr\u00e9sidence de la R\u00e9publique par int\u00e9rim suite au d\u00e9c\u00e8s jeudi du pr\u00e9sident B\u00e9ji Ca\u00efd Essebsi.<\/p>\n<p>La Constitution de 2014 stipule qu\u2019en cas de vacance d\u00e9finitive, le pr\u00e9sident de l\u2019ARP est imm\u00e9diatement investi des fonctions du pr\u00e9sident de la R\u00e9publique, provisoirement, pour une dur\u00e9e allant de quarante-cinq \u00e0 quatre-vingt-dix jours.<\/p>\n<p>La prestation de serment s\u2019est d\u00e9roul\u00e9e lors de la r\u00e9union du bureau de l\u2019ARP, au si\u00e8ge du parlement suite \u00e0 la r\u00e9ception d\u2019un acte de d\u00e9c\u00e8s de B\u00e9ji Ca\u00efd Essebsi et la constatation, par l\u2019instance provisoire de contr\u00f4le de la constitutionnalit\u00e9 des projets de loi de la vacance d\u00e9finitive, conform\u00e9ment aux articles 84 et 85 de la Constitution.<\/p>\n<p class=\"dpsp-share-text\">Partager c&rsquo;est aimer!<\/p>\n<div class=\"wp-post-author-wrap wp-post-author-shortcode left\">\n<h3 class=\"awpa-title\"\/>\n<div class=\"wp-post-author\">\n<div class=\"awpa-img awpa-author-block square\"><a href=\"http:\/\/lexpertjournal.net\/fr\/author\/expert\/\"><img loading=\"lazy\" decoding=\"async\" alt=\"\" src=\"http:\/\/2.gravatar.com\/avatar\/56d99be2a6f97af88ccb49fada637fcd?s=150&#038;d=mm&#038;r=g\" srcset=\"http:\/\/2.gravatar.com\/avatar\/56d99be2a6f97af88ccb49fada637fcd?s=300&#038;d=mm&#038;r=g 2x\" class=\"avatar avatar-150 photo\" height=\"150\" width=\"150\"\/><\/a><\/div>\n<\/div>\n<\/div>\n<p>Auteur: L&rsquo;expert<br \/>\n<a href=\"http:\/\/lexpertjournal.net\/fr\/2019\/07\/26\/mohamed-ennaceur-nouveau-president-de-la-republique-par-interim-engagement-a-se-conformer-aux-dispositions-de-la-constitution\/\">Cliquez ici pour lire l&rsquo;article depuis sa source.<\/a><\/p>\n","protected":false},"excerpt":{"rendered":"<p>Le pr\u00e9sident de la R\u00e9publique par int\u00e9rim, Mohamed Ennaceur a annonc\u00e9 jeudi soir dans une d\u00e9claration t\u00e9l\u00e9vis\u00e9e qu\u2019il a pris ses nouvelles fonctions de pr\u00e9sident de la Tunisie \u00e0 la suite du d\u00e9c\u00e8s de pr\u00e9sident B\u00e9ji Ca\u00efd Essebsi, en vertu de l\u2019article 84 et 85 de la Constitution et qu\u2019il a pr\u00eat\u00e9 serment. Dans une [&hellip;]<\/p>\n","protected":false},"author":1775,"featured_media":0,"comment_status":"closed","ping_status":"closed","sticky":false,"template":"","format":"standard","meta":{"fifu_image_url":"","fifu_image_alt":"","footnotes":""},"categories":[78,55],"tags":[],"class_list":["post-48599","post","type-post","status-publish","format-standard","hentry","category-economie","category-tunisie"],"_links":{"self":[{"href":"https:\/\/linitiative.ca\/International\/wp-json\/wp\/v2\/posts\/48599","targetHints":{"allow":["GET"]}}],"collection":[{"href":"https:\/\/linitiative.ca\/International\/wp-json\/wp\/v2\/posts"}],"about":[{"href":"https:\/\/linitiative.ca\/International\/wp-json\/wp\/v2\/types\/post"}],"author":[{"embeddable":true,"href":"https:\/\/linitiative.ca\/International\/wp-json\/wp\/v2\/users\/1775"}],"replies":[{"embeddable":true,"href":"https:\/\/linitiative.ca\/International\/wp-json\/wp\/v2\/comments?post=48599"}],"version-history":[{"count":0,"href":"https:\/\/linitiative.ca\/International\/wp-json\/wp\/v2\/posts\/48599\/revisions"}],"wp:attachment":[{"href":"https:\/\/linitiative.ca\/International\/wp-json\/wp\/v2\/media?parent=48599"}],"wp:term":[{"taxonomy":"category","embeddable":true,"href":"https:\/\/linitiative.ca\/International\/wp-json\/wp\/v2\/categories?post=48599"},{"taxonomy":"post_tag","embeddable":true,"href":"https:\/\/linitiative.ca\/International\/wp-json\/wp\/v2\/tags?post=48599"}],"curies":[{"name":"wp","href":"https:\/\/api.w.org\/{rel}","templated":true}]}}