{"id":48600,"date":"2019-07-26T07:36:08","date_gmt":"2019-07-26T11:36:08","guid":{"rendered":"https:\/\/linitiative.ca\/International\/exposition-a-marrakech-dediee-au-costume-traditionnel\/"},"modified":"2019-07-26T07:36:08","modified_gmt":"2019-07-26T11:36:08","slug":"exposition-a-marrakech-dediee-au-costume-traditionnel","status":"publish","type":"post","link":"https:\/\/linitiative.ca\/International\/exposition-a-marrakech-dediee-au-costume-traditionnel\/","title":{"rendered":"Exposition \u00e0 Marrakech d\u00e9di\u00e9e au costume traditionnel"},"content":{"rendered":"<div readability=\"35\">\n<p>Marrakech \u2013 Dar El Bacha-Mus\u00e9e des Confluences \u00e0 Marrakech accueille du 25 juillet jusqu\u2019au 10 janvier prochain, une exposition invitant \u00e0 red\u00e9couvrir la richesse du costume traditionnel et les secrets de l\u2019\u00e9l\u00e9gance f\u00e9minine au Maroc.<\/p>\n<\/div>\n<div readability=\"107\">\n<p>Organis\u00e9e sous le th\u00e8me \u00ab\u00a0Etoffe des sens, r\u00e9sonances Serge Lutens et Yves Saint-Laurent\u00a0\u00bb, par le Mus\u00e9e des Confluences g\u00e9r\u00e9 par la Fondation nationale des Mus\u00e9es (FNM), cette exposition jette aussi la lumi\u00e8re sur l\u2019impact de Marrakech sur Yves Saint-Laurent et Serge Lutens, deux artistes et cr\u00e9ateurs fran\u00e7ais tomb\u00e9s amoureux de la Cit\u00e9 ocre, une ville qui n\u2019a cess\u00e9 de les inspirer dans une qu\u00eate sans fin de la beaut\u00e9.<\/p>\n<p>Cet \u00e9v\u00e9nement culturel initi\u00e9 en partenariat avec la Fondation Serge Lutens et la Fondation Pierre Berg\u00e9-Yves Saint-Laurent, met en exergue une collection de caftans acquise par Yves Saint-Laurent et Pierre Berg\u00e9, qui d\u00e9montre leur admiration pour ce v\u00eatement consid\u00e9r\u00e9 comme un rep\u00e8re de l\u2019identit\u00e9 culturelle du Royaume et appr\u00e9ci\u00e9e de tous les grands cr\u00e9ateurs nationaux et internationaux cherchant l\u2019inspiration.<\/p>\n<p>Cette collection de caftans est incorpor\u00e9e \u00e0 une s\u00e9rie de photographies r\u00e9alis\u00e9e dans les ann\u00e9es 80 par Serge Lutens sur les gestes et les ingr\u00e9dients traditionnels de la beaut\u00e9, t\u00e9moignant de l\u2019attraction qu\u2019exer\u00e7a le Maroc sur les deux cr\u00e9ateurs.<\/p>\n<p>Dans une d\u00e9claration \u00e0 la presse \u00e0 l\u2019occasion du vernissage de cette exposition, Serge Lutens a relev\u00e9 que Dar El Bacha, qui abrite cette exposition, est un endroit sublime que les responsables de la culture ont pu r\u00e9nover et en faire un mus\u00e9e, relevant que \u00ab\u00a0les Marocains ont su sauvegarder leur patrimoine et traditions, les transmettre et les perp\u00e9tuer\u00a0\u00bb.<\/p>\n<p>Le pr\u00e9sident de la FNM, Mehdi Qotbi, a relev\u00e9 pour sa part, que cette exposition r\u00e9unit deux hommes (Serge Lutens et Yves Saint-Laurent), dont la cit\u00e9 ocre a nourri les imaginaires par la lumi\u00e8re, la joie, les couleurs, les senteurs et les parfums.<\/p>\n<p>\u00ab\u00a0Le Maroc, terre d\u2019accueil, de cohabitation, de paix et de diversit\u00e9 culturelle, a toujours nourri et inspir\u00e9 les cr\u00e9ateurs et les artistes\u00a0\u00bb, a-t-il insist\u00e9, relevant que l\u2019objectif de cette exposition consiste \u00e0 faire d\u00e9couvrir aux Marocains des artistes et des cr\u00e9ateurs passionn\u00e9s pour notre pays.<\/p>\n<p>N\u00e9 \u00e0 Lille en 1940, Serge Lutens a collabor\u00e9 au d\u00e9but de sa carri\u00e8re avec les journaux de mode les plus r\u00e9put\u00e9s avant de devenir le responsable de l\u2019image beaut\u00e9 de Christian Dior puis directeur artistique de l\u2019image internationale du groupe de cosm\u00e9tiques Shiseido.<\/p>\n<p>Son \u0153uvre photographique fut expos\u00e9e dans les plus prestigieux mus\u00e9es du monde et ses r\u00e9alisations cin\u00e9matographiques furent distingu\u00e9es \u00e0 de nombreuses reprises au Festival du film de Cannes.<\/p>\n<p>Serge Lutens r\u00e9side \u00e0 Marrakech depuis plus de 40 ans. Il y invente une maison avec un style architectural marocain, aujourd\u2019hui \u00ab\u00a0Fondation Serge Lutens\u00a0\u00bb.<\/p>\n<p>Situ\u00e9 au c\u0153ur de l\u2019ancienne m\u00e9dina de Marrakech, Dar El Bacha est une demeure seigneuriale datant du d\u00e9but du 20\u00e8 si\u00e8cle dont l\u2019architecture marocaine illustre \u00e0 la fois le savoir-faire des artisans marocains et les \u00e9l\u00e9ments d\u00e9coratifs inspir\u00e9s d\u2019Europe, notamment d\u2019Italie.<\/p>\n<p>Le b\u00e2timent a \u00e9t\u00e9 r\u00e9cup\u00e9r\u00e9 en 2015 par la FNM, qui a imm\u00e9diatement entreprit sa restauration pour en faire un mus\u00e9e des confluences et permettre le t\u00e9moignage de la richesse de la culture marocaine et ses multiples composantes.<\/p>\n<\/div>\n<p>Auteur: Meriem IGASS<br \/>\n<a href=\"http:\/\/www.mapmarrakech.ma\/fr\/une-exposition-met-en-exergue-la-richesse-du-costume-traditionnel\/\">Cliquez ici pour lire l&rsquo;article depuis sa source.<\/a><\/p>\n","protected":false},"excerpt":{"rendered":"<p>Marrakech \u2013 Dar El Bacha-Mus\u00e9e des Confluences \u00e0 Marrakech accueille du 25 juillet jusqu\u2019au 10 janvier prochain, une exposition invitant \u00e0 red\u00e9couvrir la richesse du costume traditionnel et les secrets de l\u2019\u00e9l\u00e9gance f\u00e9minine au Maroc. Organis\u00e9e sous le th\u00e8me \u00ab\u00a0Etoffe des sens, r\u00e9sonances Serge Lutens et Yves Saint-Laurent\u00a0\u00bb, par le Mus\u00e9e des Confluences g\u00e9r\u00e9 par [&hellip;]<\/p>\n","protected":false},"author":1788,"featured_media":0,"comment_status":"closed","ping_status":"closed","sticky":false,"template":"","format":"standard","meta":{"fifu_image_url":"","fifu_image_alt":"","footnotes":""},"categories":[54,76],"tags":[],"class_list":["post-48600","post","type-post","status-publish","format-standard","hentry","category-maroc","category-regions"],"_links":{"self":[{"href":"https:\/\/linitiative.ca\/International\/wp-json\/wp\/v2\/posts\/48600","targetHints":{"allow":["GET"]}}],"collection":[{"href":"https:\/\/linitiative.ca\/International\/wp-json\/wp\/v2\/posts"}],"about":[{"href":"https:\/\/linitiative.ca\/International\/wp-json\/wp\/v2\/types\/post"}],"author":[{"embeddable":true,"href":"https:\/\/linitiative.ca\/International\/wp-json\/wp\/v2\/users\/1788"}],"replies":[{"embeddable":true,"href":"https:\/\/linitiative.ca\/International\/wp-json\/wp\/v2\/comments?post=48600"}],"version-history":[{"count":0,"href":"https:\/\/linitiative.ca\/International\/wp-json\/wp\/v2\/posts\/48600\/revisions"}],"wp:attachment":[{"href":"https:\/\/linitiative.ca\/International\/wp-json\/wp\/v2\/media?parent=48600"}],"wp:term":[{"taxonomy":"category","embeddable":true,"href":"https:\/\/linitiative.ca\/International\/wp-json\/wp\/v2\/categories?post=48600"},{"taxonomy":"post_tag","embeddable":true,"href":"https:\/\/linitiative.ca\/International\/wp-json\/wp\/v2\/tags?post=48600"}],"curies":[{"name":"wp","href":"https:\/\/api.w.org\/{rel}","templated":true}]}}