{"id":48604,"date":"2019-07-26T08:11:36","date_gmt":"2019-07-26T12:11:36","guid":{"rendered":"https:\/\/linitiative.ca\/International\/coquillages-levee-de-linterdiction-sur-le-ramassage\/"},"modified":"2019-07-26T08:11:36","modified_gmt":"2019-07-26T12:11:36","slug":"coquillages-levee-de-linterdiction-sur-le-ramassage","status":"publish","type":"post","link":"https:\/\/linitiative.ca\/International\/coquillages-levee-de-linterdiction-sur-le-ramassage\/","title":{"rendered":"Coquillages: Lev\u00e9e de l\u2019interdiction sur le ramassage"},"content":{"rendered":"<div class=\"single-featured\"><img alt=\"\" data-src=\"http:\/\/www.mapmarrakech.ma\/map\/uploads\/2019\/07\/r\u00e9colte-des-coquillages-1.jpg\"\/><\/div>\n<div class=\"single-post-excerpt post-excerpt-bc\" readability=\"36\">\n<p>Rabat \u2013 La Commission en charge du suivi du milieu marin et des coquillages a d\u00e9cid\u00e9, vendredi, de lever l\u2019interdiction sur le ramassage et la commercialisation des coquillages collect\u00e9s au niveau de la zone conchylicole class\u00e9e Oum Toyour-Chouika (r\u00e9gion d\u2019Essaouira).<\/p>\n<\/div>\n<div class=\"entry-content clearfix single-post-content\" readability=\"45\">\n<p>Cette d\u00e9cision a \u00e9t\u00e9 prise sur la base des r\u00e9sultats d\u2019analyses effectu\u00e9es par l\u2019Institut national de recherche halieutique (INRH) qui ont montr\u00e9 une stabilit\u00e9 du milieu et une purification totale des coquillages au niveau de ladite zone, indique un communiqu\u00e9 du minist\u00e8re de l\u2019Agriculture, de la p\u00eache maritime, du d\u00e9veloppement rural et des eaux et for\u00eats.<\/p>\n<p>Le d\u00e9partement recommande ainsi aux consommateurs de ne s\u2019approvisionner qu\u2019en produits conditionn\u00e9s, portant les \u00e9tiquettes sanitaires d\u2019identification et commercialis\u00e9s dans les points de vente autoris\u00e9s (march\u00e9s officiels), tout en les avertissant contre les coquillages colport\u00e9s ou vendus en vrac qui ne pr\u00e9sentent aucune garantie de salubrit\u00e9 et constituent un danger pour la sant\u00e9 publique.<\/p>\n<\/div>\n<p>Auteur: Meriem IGASS<br \/>\n<a href=\"http:\/\/www.mapmarrakech.ma\/fr\/levee-de-linterdiction-sur-le-ramassage-des-coquillages\/\">Cliquez ici pour lire l&rsquo;article depuis sa source.<\/a><\/p>\n","protected":false},"excerpt":{"rendered":"<p>Rabat \u2013 La Commission en charge du suivi du milieu marin et des coquillages a d\u00e9cid\u00e9, vendredi, de lever l\u2019interdiction sur le ramassage et la commercialisation des coquillages collect\u00e9s au niveau de la zone conchylicole class\u00e9e Oum Toyour-Chouika (r\u00e9gion d\u2019Essaouira). Cette d\u00e9cision a \u00e9t\u00e9 prise sur la base des r\u00e9sultats d\u2019analyses effectu\u00e9es par l\u2019Institut national [&hellip;]<\/p>\n","protected":false},"author":1788,"featured_media":48609,"comment_status":"closed","ping_status":"closed","sticky":false,"template":"","format":"standard","meta":{"fifu_image_url":"","fifu_image_alt":"","footnotes":""},"categories":[54,76],"tags":[],"class_list":["post-48604","post","type-post","status-publish","format-standard","has-post-thumbnail","hentry","category-maroc","category-regions"],"_links":{"self":[{"href":"https:\/\/linitiative.ca\/International\/wp-json\/wp\/v2\/posts\/48604","targetHints":{"allow":["GET"]}}],"collection":[{"href":"https:\/\/linitiative.ca\/International\/wp-json\/wp\/v2\/posts"}],"about":[{"href":"https:\/\/linitiative.ca\/International\/wp-json\/wp\/v2\/types\/post"}],"author":[{"embeddable":true,"href":"https:\/\/linitiative.ca\/International\/wp-json\/wp\/v2\/users\/1788"}],"replies":[{"embeddable":true,"href":"https:\/\/linitiative.ca\/International\/wp-json\/wp\/v2\/comments?post=48604"}],"version-history":[{"count":0,"href":"https:\/\/linitiative.ca\/International\/wp-json\/wp\/v2\/posts\/48604\/revisions"}],"wp:featuredmedia":[{"embeddable":true,"href":"https:\/\/linitiative.ca\/International\/wp-json\/"}],"wp:attachment":[{"href":"https:\/\/linitiative.ca\/International\/wp-json\/wp\/v2\/media?parent=48604"}],"wp:term":[{"taxonomy":"category","embeddable":true,"href":"https:\/\/linitiative.ca\/International\/wp-json\/wp\/v2\/categories?post=48604"},{"taxonomy":"post_tag","embeddable":true,"href":"https:\/\/linitiative.ca\/International\/wp-json\/wp\/v2\/tags?post=48604"}],"curies":[{"name":"wp","href":"https:\/\/api.w.org\/{rel}","templated":true}]}}