{"id":48605,"date":"2019-07-26T05:36:52","date_gmt":"2019-07-26T09:36:52","guid":{"rendered":"https:\/\/linitiative.ca\/International\/oncf-nouveau-protocole-daccord-pour-transformer-le-secteur\/"},"modified":"2019-07-26T05:36:52","modified_gmt":"2019-07-26T09:36:52","slug":"oncf-nouveau-protocole-daccord-pour-transformer-le-secteur","status":"publish","type":"post","link":"https:\/\/linitiative.ca\/International\/oncf-nouveau-protocole-daccord-pour-transformer-le-secteur\/","title":{"rendered":"ONCF : nouveau protocole d\u2019accord pour transformer le secteur"},"content":{"rendered":"<p><strong>Un protocole d\u2019accord entre l\u2019\u00c9tat et l\u2019Office national des chemins de fer (ONCF) a \u00e9t\u00e9 sign\u00e9, jeudi \u00e0 Rabat, afin d\u2019acter les orientations strat\u00e9giques pour le d\u00e9veloppement et la p\u00e9rennit\u00e9 du mod\u00e8le de l\u2019ONCF.<\/strong><\/p>\n<div class=\"c10\"\/>\n<p>Ce <strong>protocole d\u2019accord<\/strong>, paraph\u00e9 d\u2019une part par le ministre de l\u2019\u00c9conomie et des Finances, Mohamed Bencha\u00e2boun, et le ministre de l\u2019\u00c9quipement, du Transport, de la Logistique et de l\u2019Eau, Abdelkader Amara, et d\u2019autre part, par le directeur g\u00e9n\u00e9ral de l\u2019ONCF, Mohamed Rabie Khlie, a pour objet de mettre en place un mod\u00e8le \u00e9conomique \u00e0 m\u00eame de p\u00e9renniser l\u2019effort de modernisation men\u00e9 par l\u2019<strong>ONCF<\/strong> gr\u00e2ce aux investissements structurants conduits au cours des deux derni\u00e8res d\u00e9cennies et la mise en \u0153uvre des nouvelles orientations assign\u00e9es par l\u2019\u00c9tat \u00e0 l\u2019Office. Cette action vise le d\u00e9veloppement du r\u00e9seau ferroviaire selon un sch\u00e9ma optimis\u00e9, notamment en mati\u00e8re de financement et de gouvernance, ainsi que la poursuite de l\u2019effort d\u2019alignement de la qualit\u00e9 et de la r\u00e9gularit\u00e9 des services sur les standards internationaux.<\/p>\n<p>Mohamed Bencha\u00e2boun a pr\u00e9cis\u00e9 dans ce cadre que son d\u00e9partement travaille d\u2019une mani\u00e8re continue et en concertation avec les d\u00e9partements de tutelle et les \u00e9tablissements et entreprises publics concern\u00e9s pour l\u2019\u00e9laboration des plans d\u2019action visant la restructuration \u00e0 travers la refonte des mod\u00e8les \u00e9conomiques, le recentrage des activit\u00e9s sur le c\u0153ur de m\u00e9tier et le r\u00e9tablissement des viabilit\u00e9s financi\u00e8res et ce, dans le cadre de contrats-programme pluriannuels \u00e0 conclure avec l\u2019<strong>\u00c9tat<\/strong>.<\/p>\n<p><iframe loading=\"lazy\" src=\"https:\/\/www.facebook.com\/plugins\/post.php?href=https%3A%2F%2Fwww.facebook.com%2Foncfpageofficielle%2Fposts%2F2485730494816627&#038;width=500\" width=\"500\" height=\"193\">[embedded content]<\/iframe><\/p>\n<p><strong>Deux phases<\/strong><\/p>\n<p>Pour sa part, Mohamed Rabie Khlie a fait savoir que le protocole \u0153uvre \u00e0 donner un nouvel \u00e9lan \u00e0 l\u2019ONCF par le biais d\u2019une transformation institutionnelle qui sera mise en \u0153uvre en janvier 2022, rappelant que l\u2019ONCF avait investi quelque 70 milliards de DH, y compris le projet <strong>Al Boraq<\/strong>, ayant \u00e9t\u00e9 op\u00e9r\u00e9s avec des contrats-programme conclus avec l\u2019\u00c9tat. Il s\u2019agit de deux phases, a-t-il pr\u00e9cis\u00e9, relevant qu\u2019une premi\u00e8re phase transitoire couvrira la p\u00e9riode 2019-2021 et portera, notamment, sur la restructuration de la dette, la cession des actifs non n\u00e9cessaires \u00e0 l\u2019exploitation, ainsi que la mobilisation de ressources n\u00e9cessaires pour combler les besoins de tr\u00e9sorerie \u00e0 m\u00eame de permettre \u00e0 l\u2019Office d\u2019honorer ses engagements vis-\u00e0-vis de ses partenaires et de garantir le respect des d\u00e9lais de paiement.<\/p>\n<p>Lire aussi : <a href=\"https:\/\/www.challenge.ma\/al-boraq-table-sur-6-millions-de-voyageurs-dici-2021-109505\/\" target=\"_blank\" rel=\"noreferrer noopener\" aria-label=\"Al Boraq : l\u2019ONCF table sur 6 millions de voyageurs d\u2019ici 2021 (s\u2019ouvre dans un nouvel onglet)\">Al Boraq : l\u2019ONCF table sur 6 millions de voyageurs d\u2019ici 2021<\/a><\/p>\n<p>La deuxi\u00e8me phase de ce protocole d\u2019accord vise la mise en place, \u00e0 partir de 2022, du sch\u00e9ma de restructuration organisationnelle et institutionnelle pour la s\u00e9paration entre le d\u00e9veloppement de l\u2019infrastructure <strong>ferroviaire<\/strong> et l\u2019exploitation commerciale du r\u00e9seau et ce, sur la base des \u00e9tudes et des travaux d\u2019\u00e9valuation qui seront lanc\u00e9s, a-t-il poursuivi.<\/p>\n<p>Ce plan de restructuration sera d\u00e9clin\u00e9 dans le nouveau contrat-programme devant d\u00e9finir dans le d\u00e9tail les actions, les leviers et les mesures de progr\u00e8s pour r\u00e9ussir la mise en place d\u2019un mod\u00e8le p\u00e9renne et viable \u00e0 m\u00eame de r\u00e9ussir les objectifs et les d\u00e9fis de d\u00e9veloppement et de modernisation du secteur ferroviaire.<\/p>\n<p><img decoding=\"async\" src=\"https:\/\/www.challenge.ma\/wp-content\/uploads\/2019\/07\/Gare-de-K%C3%A9nitra-LGV-1024x796.jpeg\" alt=\"\" class=\"wp-image-113855\" srcset=\"https:\/\/www.challenge.ma\/wp-content\/uploads\/2019\/07\/Gare-de-K\u00e9nitra-LGV-1024x796.jpeg 1024w, https:\/\/www.challenge.ma\/wp-content\/uploads\/2019\/07\/Gare-de-K\u00e9nitra-LGV-300x233.jpeg 300w, https:\/\/www.challenge.ma\/wp-content\/uploads\/2019\/07\/Gare-de-K\u00e9nitra-LGV-768x597.jpeg 768w, https:\/\/www.challenge.ma\/wp-content\/uploads\/2019\/07\/Gare-de-K\u00e9nitra-LGV-360x280.jpeg 360w, https:\/\/www.challenge.ma\/wp-content\/uploads\/2019\/07\/Gare-de-K\u00e9nitra-LGV-750x583.jpeg 750w\" sizes=\"(max-width: 1024px) 100vw, 1024px\"\/> La gare de K\u00e9nitra a d\u00e9croch\u00e9 r\u00e9cemment la mention \u00ab\u00a0Ext\u00e9rieur\u00a0\u00bb du Prix Versailles 2019 ( Prix mondial de l\u2019architecture et du design) dans sa cat\u00e9gorie \u00ab\u00a0Gares et stations\u00a0\u00bb.<\/p>\n<p>En parall\u00e8le, le directeur g\u00e9n\u00e9ral de l\u2019<strong>ONCF<\/strong> a pr\u00e9sent\u00e9 le bilan des performances enregistr\u00e9es durant les six premiers mois de l\u2019ann\u00e9e en cours. Ainsi, les temps de parcours ont \u00e9t\u00e9 nettement r\u00e9duits (Casablanca -Tanger en 2h10 minutes et Casablanca-Marrakech en 2h30, Casablanca-Rabat en 55 minutes\u2026), fr\u00e9quence renforc\u00e9e (exemple\u00a0: 30 trains Al Boraq par jour), ponctualit\u00e9 largement am\u00e9lior\u00e9e d\u2019environ 93%, tarification modul\u00e9e et accessible pour tous, confort rehauss\u00e9, places assises garanties dans les trains\u2026 Cela a permis d\u2019atteindre, selon Mohamed Rabie Khlie, un taux de satisfaction globale de 87%, comme le d\u00e9montre la derni\u00e8re vague du barom\u00e8tre de satisfaction client\u2026\u00a0\u00a0\u00a0<\/p>\n<div class=\"c17\">\n<fieldset class=\"c16\">\n<legend><strong><span class=\"c11\">Challenge<\/span><span class=\"c12\">news<\/span><\/strong><\/legend>\n<div class=\"c15\">Le meilleur de la r\u00e9daction s\u00e9lectionn\u00e9 par Challenge :<\/p>\n<\/div>\n<\/fieldset>\n<\/div>\n<p>Auteur: Karim Handaoui<br \/>\n<a href=\"https:\/\/www.challenge.ma\/oncf-nouveau-protocole-daccord-pour-transformer-le-secteur-113824\/\">Cliquez ici pour lire l&rsquo;article depuis sa source.<\/a><\/p>\n","protected":false},"excerpt":{"rendered":"<p>Un protocole d\u2019accord entre l\u2019\u00c9tat et l\u2019Office national des chemins de fer (ONCF) a \u00e9t\u00e9 sign\u00e9, jeudi \u00e0 Rabat, afin d\u2019acter les orientations strat\u00e9giques pour le d\u00e9veloppement et la p\u00e9rennit\u00e9 du mod\u00e8le de l\u2019ONCF. Ce protocole d\u2019accord, paraph\u00e9 d\u2019une part par le ministre de l\u2019\u00c9conomie et des Finances, Mohamed Bencha\u00e2boun, et le ministre de l\u2019\u00c9quipement, [&hellip;]<\/p>\n","protected":false},"author":1787,"featured_media":48611,"comment_status":"closed","ping_status":"closed","sticky":false,"template":"","format":"standard","meta":{"fifu_image_url":"","fifu_image_alt":"","footnotes":""},"categories":[78,54],"tags":[],"class_list":["post-48605","post","type-post","status-publish","format-standard","has-post-thumbnail","hentry","category-economie","category-maroc"],"_links":{"self":[{"href":"https:\/\/linitiative.ca\/International\/wp-json\/wp\/v2\/posts\/48605","targetHints":{"allow":["GET"]}}],"collection":[{"href":"https:\/\/linitiative.ca\/International\/wp-json\/wp\/v2\/posts"}],"about":[{"href":"https:\/\/linitiative.ca\/International\/wp-json\/wp\/v2\/types\/post"}],"author":[{"embeddable":true,"href":"https:\/\/linitiative.ca\/International\/wp-json\/wp\/v2\/users\/1787"}],"replies":[{"embeddable":true,"href":"https:\/\/linitiative.ca\/International\/wp-json\/wp\/v2\/comments?post=48605"}],"version-history":[{"count":0,"href":"https:\/\/linitiative.ca\/International\/wp-json\/wp\/v2\/posts\/48605\/revisions"}],"wp:featuredmedia":[{"embeddable":true,"href":"https:\/\/linitiative.ca\/International\/wp-json\/"}],"wp:attachment":[{"href":"https:\/\/linitiative.ca\/International\/wp-json\/wp\/v2\/media?parent=48605"}],"wp:term":[{"taxonomy":"category","embeddable":true,"href":"https:\/\/linitiative.ca\/International\/wp-json\/wp\/v2\/categories?post=48605"},{"taxonomy":"post_tag","embeddable":true,"href":"https:\/\/linitiative.ca\/International\/wp-json\/wp\/v2\/tags?post=48605"}],"curies":[{"name":"wp","href":"https:\/\/api.w.org\/{rel}","templated":true}]}}