{"id":48608,"date":"2019-07-26T07:22:39","date_gmt":"2019-07-26T11:22:39","guid":{"rendered":"https:\/\/linitiative.ca\/International\/funerailles-de-beji-caid-essebsi-obseques-nationales-grandioses-en-presence-de-plusieurs-chefs-detats\/"},"modified":"2019-07-26T07:22:39","modified_gmt":"2019-07-26T11:22:39","slug":"funerailles-de-beji-caid-essebsi-obseques-nationales-grandioses-en-presence-de-plusieurs-chefs-detats","status":"publish","type":"post","link":"https:\/\/linitiative.ca\/International\/funerailles-de-beji-caid-essebsi-obseques-nationales-grandioses-en-presence-de-plusieurs-chefs-detats\/","title":{"rendered":"Fun\u00e9railles de B\u00e9ji Ca\u00efd Essebsi : Obs\u00e8ques nationales grandioses, en pr\u00e9sence de plusieurs chefs d\u2019Etats"},"content":{"rendered":"<p>Le chef du gouvernement, Youssef Chahed, a indiqu\u00e9, jeudi, dans une d\u00e9claration aux m\u00e9dias, que des \u00ab obs\u00e8ques nationales grandioses \u00bb seront organis\u00e9es pour rendre hommage \u00e0 la m\u00e9moire du pr\u00e9sident B\u00e9ji Ca\u00efd Essebsi.<\/p>\n<p>Cette d\u00e9claration intervient \u00e0 l\u2019issue d\u2019une rencontre tenue, au Palais du Bardo, avec le pr\u00e9sident de la R\u00e9publique par int\u00e9rim, Mohamed Ennaceur, et les ministres de la D\u00e9fense nationale, de la Justice et des Affaires \u00e9trang\u00e8res.<\/p>\n<p>Chahed a pr\u00e9cis\u00e9 que plusieurs chefs d\u2019Etat assisteront \u00e0 ces obs\u00e8ques nationales eu \u00e9gard \u00e0 la grande notori\u00e9t\u00e9 dont b\u00e9n\u00e9ficie le pr\u00e9sident Ca\u00efd Essebsi aupr\u00e8s de nombreux pays, en particulier en Europe et dans le Golfe arabe.<\/p>\n<p>La Tunisie s\u2019attend \u00e0 une forte participation de d\u00e9l\u00e9gations \u00e9trang\u00e8res aux obs\u00e8ques, a-t-il ajout\u00e9.<\/p>\n<p>Il a, par ailleurs, relev\u00e9 que la Tunisie a donn\u00e9 au monde entier une image positive et un mod\u00e8le exemplaire en mati\u00e8re d\u2019alternance pacifique au pouvoir, appelant le peuple tunisien \u00e0 faire preuve de solidarit\u00e9 et \u00e0 surmonter ses diff\u00e9rends en ces circonstances.<\/p>\n<p class=\"dpsp-share-text\">Partager c&rsquo;est aimer!<\/p>\n<div class=\"wp-post-author-wrap wp-post-author-shortcode left\">\n<h3 class=\"awpa-title\"\/>\n<div class=\"wp-post-author\">\n<div class=\"awpa-img awpa-author-block square\"><a href=\"http:\/\/lexpertjournal.net\/fr\/author\/expert\/\"><img loading=\"lazy\" decoding=\"async\" alt=\"\" src=\"http:\/\/2.gravatar.com\/avatar\/56d99be2a6f97af88ccb49fada637fcd?s=150&#038;d=mm&#038;r=g\" srcset=\"http:\/\/2.gravatar.com\/avatar\/56d99be2a6f97af88ccb49fada637fcd?s=300&#038;d=mm&#038;r=g 2x\" class=\"avatar avatar-150 photo\" height=\"150\" width=\"150\"\/><\/a><\/div>\n<\/div>\n<\/div>\n<p>Auteur: L&rsquo;expert<br \/>\n<a href=\"http:\/\/lexpertjournal.net\/fr\/2019\/07\/26\/funerailles-de-beji-caid-essebsi-obseques-nationales-grandioses-en-presence-de-plusieurs-chefs-detats\/\">Cliquez ici pour lire l&rsquo;article depuis sa source.<\/a><\/p>\n","protected":false},"excerpt":{"rendered":"<p>Le chef du gouvernement, Youssef Chahed, a indiqu\u00e9, jeudi, dans une d\u00e9claration aux m\u00e9dias, que des \u00ab obs\u00e8ques nationales grandioses \u00bb seront organis\u00e9es pour rendre hommage \u00e0 la m\u00e9moire du pr\u00e9sident B\u00e9ji Ca\u00efd Essebsi. Cette d\u00e9claration intervient \u00e0 l\u2019issue d\u2019une rencontre tenue, au Palais du Bardo, avec le pr\u00e9sident de la R\u00e9publique par int\u00e9rim, Mohamed [&hellip;]<\/p>\n","protected":false},"author":1775,"featured_media":0,"comment_status":"closed","ping_status":"closed","sticky":false,"template":"","format":"standard","meta":{"fifu_image_url":"","fifu_image_alt":"","footnotes":""},"categories":[78,55],"tags":[],"class_list":["post-48608","post","type-post","status-publish","format-standard","hentry","category-economie","category-tunisie"],"_links":{"self":[{"href":"https:\/\/linitiative.ca\/International\/wp-json\/wp\/v2\/posts\/48608","targetHints":{"allow":["GET"]}}],"collection":[{"href":"https:\/\/linitiative.ca\/International\/wp-json\/wp\/v2\/posts"}],"about":[{"href":"https:\/\/linitiative.ca\/International\/wp-json\/wp\/v2\/types\/post"}],"author":[{"embeddable":true,"href":"https:\/\/linitiative.ca\/International\/wp-json\/wp\/v2\/users\/1775"}],"replies":[{"embeddable":true,"href":"https:\/\/linitiative.ca\/International\/wp-json\/wp\/v2\/comments?post=48608"}],"version-history":[{"count":0,"href":"https:\/\/linitiative.ca\/International\/wp-json\/wp\/v2\/posts\/48608\/revisions"}],"wp:attachment":[{"href":"https:\/\/linitiative.ca\/International\/wp-json\/wp\/v2\/media?parent=48608"}],"wp:term":[{"taxonomy":"category","embeddable":true,"href":"https:\/\/linitiative.ca\/International\/wp-json\/wp\/v2\/categories?post=48608"},{"taxonomy":"post_tag","embeddable":true,"href":"https:\/\/linitiative.ca\/International\/wp-json\/wp\/v2\/tags?post=48608"}],"curies":[{"name":"wp","href":"https:\/\/api.w.org\/{rel}","templated":true}]}}