{"id":48613,"date":"2019-07-26T08:18:10","date_gmt":"2019-07-26T12:18:10","guid":{"rendered":"https:\/\/linitiative.ca\/International\/politique-repressive-en-couverture-des-journaux-camerounais\/"},"modified":"2019-07-26T08:18:10","modified_gmt":"2019-07-26T12:18:10","slug":"politique-repressive-en-couverture-des-journaux-camerounais","status":"publish","type":"post","link":"https:\/\/linitiative.ca\/International\/politique-repressive-en-couverture-des-journaux-camerounais\/","title":{"rendered":"Politique r\u00e9pressive en couverture des journaux camerounais"},"content":{"rendered":"<div readability=\"32\">\n<p>Publi\u00e9 le 26.07.2019 \u00e0 13h18 par APA News<\/p>\n<\/div>\n<div readability=\"104\">\n<p>Les atteintes aux libert\u00e9s publiques, reproch\u00e9es au gouvernement, sont en vedette dans les journaux camerounais parus vendredi.Voici que le S\u00e9nat am\u00e9ricain, \u00e0 travers une r\u00e9solution, vient de sommer le pr\u00e9sident Paul Biya de lib\u00e9rer le leader du Mouvement pour la renaissance du Cameroun (Mrc, opposition), Maurice Kamto, affiche Le Messager sur quatre colonnes \u00e0 la une, pr\u00e9cisant qu\u2019en r\u00e9alit\u00e9, Washington demande \u00e0 Yaound\u00e9 de cesser d\u2019embastiller ses adversaires politiques.<\/p>\n<p>Et de rappeler que c\u2019est depuis mai dernier que le pays de l\u2019oncle Sam est vent debout contre le pouvoir Biya, qui pour toute r\u00e9ponse n\u2019a consenti \u00e0 \u00e9largir que quelques d\u00e9tenus, gardant derri\u00e8re les barreaux plusieurs leaders de l\u2019opposition.<\/p>\n<p>La pression du Congr\u00e8s am\u00e9ricain peut permettre beaucoup d\u2019avanc\u00e9es, aussi bien dans la crise s\u00e9cessionniste anglophone que dans la d\u00e9tention de M. Kamto et de plusieurs autres prisonniers politiques, ose esp\u00e9rer \u00c9mergence.<\/p>\n<p>\u00c0 propos de la r\u00e9cente mutinerie de s\u00e9paratistes anglophones dans la prison de la capitale, Yaound\u00e9, Barom\u00e8tre Communautaire constate que le proc\u00e8s du syst\u00e8me judiciaire qui a d\u00e9but\u00e9, lui qui est r\u00e9put\u00e9 pour ses lenteurs et tracasseries.<\/p>\n<p>Il faudrait avoir le courage de mettre les noms sur les fl\u00e9aux qui caract\u00e9risent ce domaine, rench\u00e9rit \u00c9mergence qui pointe p\u00eale-m\u00eale la corruption des magistrats et la politisation du syst\u00e8me judiciaire.<\/p>\n<p>Pendant ce temps, on dirait bien que le gouvernement a mal \u00e0 sa s\u00e9curit\u00e9 et \u00e0 son renseignement, si l\u2019on s\u2019en tient \u00e0 l\u2019\u00abalerte rouge\u00bb, ainsi que la qualifie Mutations, du ministre de l\u2019Administration territoriale (Minat), Paul Atanga Nji, qui la veille a tenu une r\u00e9union de s\u00e9curit\u00e9 apr\u00e8s les remous \u00e0 la prison de Yaound\u00e9-Kondengui, s\u2019interrogeant notamment sur la capacit\u00e9 des services d\u00e9di\u00e9s \u00e0 anticiper sur d\u2019\u00e9ventuels p\u00e9rils.<\/p>\n<p>La vigilance accrue a ainsi \u00e9t\u00e9 prescrite aux responsables de la pr\u00e9fectorale, prolonge le quotidien \u00e0 capitaux publics Cameroon Tribune, concernant surtout les \u00abvell\u00e9it\u00e9s de revendication de certains partis politiques\u00bb, un terme d\u00e9signant g\u00e9n\u00e9ralement l\u2019opposition.<\/p>\n<p>Les hommes du commandement territorial, ajoute InfoMatin, citant M. Atanga Nji, doivent veiller au bon usage de la d\u00e9mocratie et des libert\u00e9s dans leurs unit\u00e9s respectives, mais aussi encadrer l\u2019activit\u00e9 des partis politiques.<\/p>\n<p>C\u2019est donc d\u2019une tentative une reprise en main qu\u2019il s\u2019agit, conclut Mutations, le gouvernement semblant plus que jamais d\u00e9termin\u00e9 \u00e0 actionner tous les leviers n\u00e9cessaires pour un renseignement pr\u00e9ventif plus efficace, \u00e0 m\u00eame d\u2019enrayer toute initiative de trouble \u00e0 l\u2019ordre public particuli\u00e8rement \u00e0 Yaound\u00e9, le si\u00e8ge des institutions du Cameroun.<\/p>\n<\/div>\n<p>Auteur: APA News<br \/>\n<a href=\"https:\/\/www.journalducameroun.com\/politique-repressive-en-couverture-des-journaux-camerounais\/\">Cliquez ici pour lire l&rsquo;article depuis sa source.<\/a><\/p>\n","protected":false},"excerpt":{"rendered":"<p>Publi\u00e9 le 26.07.2019 \u00e0 13h18 par APA News Les atteintes aux libert\u00e9s publiques, reproch\u00e9es au gouvernement, sont en vedette dans les journaux camerounais parus vendredi.Voici que le S\u00e9nat am\u00e9ricain, \u00e0 travers une r\u00e9solution, vient de sommer le pr\u00e9sident Paul Biya de lib\u00e9rer le leader du Mouvement pour la renaissance du Cameroun (Mrc, opposition), Maurice Kamto, [&hellip;]<\/p>\n","protected":false},"author":1965,"featured_media":0,"comment_status":"closed","ping_status":"closed","sticky":false,"template":"","format":"standard","meta":{"fifu_image_url":"","fifu_image_alt":"","footnotes":""},"categories":[73,82],"tags":[],"class_list":["post-48613","post","type-post","status-publish","format-standard","hentry","category-actualite","category-cameroun"],"_links":{"self":[{"href":"https:\/\/linitiative.ca\/International\/wp-json\/wp\/v2\/posts\/48613","targetHints":{"allow":["GET"]}}],"collection":[{"href":"https:\/\/linitiative.ca\/International\/wp-json\/wp\/v2\/posts"}],"about":[{"href":"https:\/\/linitiative.ca\/International\/wp-json\/wp\/v2\/types\/post"}],"author":[{"embeddable":true,"href":"https:\/\/linitiative.ca\/International\/wp-json\/wp\/v2\/users\/1965"}],"replies":[{"embeddable":true,"href":"https:\/\/linitiative.ca\/International\/wp-json\/wp\/v2\/comments?post=48613"}],"version-history":[{"count":0,"href":"https:\/\/linitiative.ca\/International\/wp-json\/wp\/v2\/posts\/48613\/revisions"}],"wp:attachment":[{"href":"https:\/\/linitiative.ca\/International\/wp-json\/wp\/v2\/media?parent=48613"}],"wp:term":[{"taxonomy":"category","embeddable":true,"href":"https:\/\/linitiative.ca\/International\/wp-json\/wp\/v2\/categories?post=48613"},{"taxonomy":"post_tag","embeddable":true,"href":"https:\/\/linitiative.ca\/International\/wp-json\/wp\/v2\/tags?post=48613"}],"curies":[{"name":"wp","href":"https:\/\/api.w.org\/{rel}","templated":true}]}}