{"id":48620,"date":"2019-07-26T06:51:00","date_gmt":"2019-07-26T10:51:00","guid":{"rendered":"https:\/\/linitiative.ca\/International\/25-juillet-2019-adieu-bajbouj\/"},"modified":"2019-07-26T06:51:00","modified_gmt":"2019-07-26T10:51:00","slug":"25-juillet-2019-adieu-bajbouj","status":"publish","type":"post","link":"https:\/\/linitiative.ca\/International\/25-juillet-2019-adieu-bajbouj\/","title":{"rendered":"25 juillet 2019 : Adieu Bajbouj"},"content":{"rendered":"<p><em>\u00ab\u00a0Comme une journ\u00e9e bien remplie nous donne un bon sommeil, une vie bien v\u00e9cue nous m\u00e8ne \u00e0 une mort paisible\u00a0\u00bb<\/em> <strong>(L\u00e9onard De Vinci)<\/strong><\/p>\n<p>Notre Bajbouj nous quitte, nous laissant sans voix.<\/p>\n<p>Seule cette\u00a0 derni\u00e8re quinzaine br\u00fblante du mois de juillet, nous l\u2019avait montr\u00e9 affaibli au sortir d\u2019un court s\u00e9jour dans un h\u00f4pital de Tunis.<\/p>\n<p>Bajbouj \u00e9tait devenu le nom plein d\u2019affection que les Tunisiens dans leur quasi-totalit\u00e9 lui avait attribu\u00e9, et il ne s\u2019en est jamais plaint, ni en public, ni en priv\u00e9.<\/p>\n<p>Il avait une tr\u00e8s forte m\u00e9moire, m\u00eame si les ann\u00e9es l\u2019avait l\u00e9g\u00e8rement affaiblie. Et\u00a0 quand\u00a0 il lui arrivait, rarement, d\u2019en manquer, faisait toujours semblant de reconnaitre telle personne, telle promesse, telle vielle discussion, que le\u00a0 temps pouvait\u00a0 faire disparaitre de son paysage.<\/p>\n<p>Je lui ai rendu visite quelques rares fois, toujours\u00a0 avec des \u00e9trangers ayant s\u00e9journ\u00e9 pr\u00e9alablement\u00a0 pour des raisons professionnelles en Tunisie, et qui l\u2019avaient connu furtivement \u00e0 ce titre. Ils voulaient avoir l\u2019honneur de le revoir.<\/p>\n<p>Ils \u00e9taient des ambassadeurs et de grands commis de leurs Etats (de la Ligue Arabe, de la Banque Centrale libyenne etc.). Il leur tenait un discours plein d\u2019intelligence et d\u2019habilet\u00e9, jamais pris de court par une question, il rebondissait avec intelligence et un sens inn\u00e9 de la p\u00e9dagogie.<\/p>\n<p>Bajbouj est un personnage politique central de la fin du si\u00e8cle pr\u00e9c\u00e9dent et de l\u2019actuel.<\/p>\n<p>Et un Chef d\u2019Etat ancr\u00e9 dans sa \u00ab\u00a0tunisianit\u00e9\u00a0\u00bb.<\/p>\n<p>La longueur de son parcours politique, son exp\u00e9rience et son immense culture, ajout\u00e9s \u00e0 son go\u00fbt du dialogue et de la coexistence pacifique ont en fait un exemple de sagesse et de bonne gouvernance reconnues par les grands leaders de notre temps.<\/p>\n<p>Il nous quitte trop t\u00f4t car il avait la stature de l\u2019emploi, et pouvait nous offrir, m\u00eame \u00e0 son \u00e2ge, encore de la paix, de la bonne gouvernance, et un mod\u00e8le du vivre ensemble que nous envient de nombreux pays.<\/p>\n<p class=\"c2\"><strong>Mourad Guellaty<\/strong><br \/>\u00a0<\/p>\n<p>Auteur:<br \/>\n<a href=\"https:\/\/www.leaders.com.tn\/article\/27591-25-juillet-2019-adieu-bajbouj\">Cliquez ici pour lire l&rsquo;article depuis sa source.<\/a><\/p>\n","protected":false},"excerpt":{"rendered":"<p>\u00ab\u00a0Comme une journ\u00e9e bien remplie nous donne un bon sommeil, une vie bien v\u00e9cue nous m\u00e8ne \u00e0 une mort paisible\u00a0\u00bb (L\u00e9onard De Vinci) Notre Bajbouj nous quitte, nous laissant sans voix. Seule cette\u00a0 derni\u00e8re quinzaine br\u00fblante du mois de juillet, nous l\u2019avait montr\u00e9 affaibli au sortir d\u2019un court s\u00e9jour dans un h\u00f4pital de Tunis. Bajbouj [&hellip;]<\/p>\n","protected":false},"author":1772,"featured_media":0,"comment_status":"closed","ping_status":"closed","sticky":false,"template":"","format":"standard","meta":{"fifu_image_url":"","fifu_image_alt":"","footnotes":""},"categories":[73,55],"tags":[],"class_list":["post-48620","post","type-post","status-publish","format-standard","hentry","category-actualite","category-tunisie"],"_links":{"self":[{"href":"https:\/\/linitiative.ca\/International\/wp-json\/wp\/v2\/posts\/48620","targetHints":{"allow":["GET"]}}],"collection":[{"href":"https:\/\/linitiative.ca\/International\/wp-json\/wp\/v2\/posts"}],"about":[{"href":"https:\/\/linitiative.ca\/International\/wp-json\/wp\/v2\/types\/post"}],"author":[{"embeddable":true,"href":"https:\/\/linitiative.ca\/International\/wp-json\/wp\/v2\/users\/1772"}],"replies":[{"embeddable":true,"href":"https:\/\/linitiative.ca\/International\/wp-json\/wp\/v2\/comments?post=48620"}],"version-history":[{"count":0,"href":"https:\/\/linitiative.ca\/International\/wp-json\/wp\/v2\/posts\/48620\/revisions"}],"wp:attachment":[{"href":"https:\/\/linitiative.ca\/International\/wp-json\/wp\/v2\/media?parent=48620"}],"wp:term":[{"taxonomy":"category","embeddable":true,"href":"https:\/\/linitiative.ca\/International\/wp-json\/wp\/v2\/categories?post=48620"},{"taxonomy":"post_tag","embeddable":true,"href":"https:\/\/linitiative.ca\/International\/wp-json\/wp\/v2\/tags?post=48620"}],"curies":[{"name":"wp","href":"https:\/\/api.w.org\/{rel}","templated":true}]}}